{"id":27161,"date":"2019-07-16T13:15:38","date_gmt":"2019-07-16T19:15:38","guid":{"rendered":"http:\/\/tonala.gob.mx\/portal\/?p=27161"},"modified":"2019-07-16T13:15:38","modified_gmt":"2019-07-16T19:15:38","slug":"tonala-garantizara-igualdad-de-oportunidades-y-promocion-con-base-en-merito-para-trabajadores-del-gobierno-municipal","status":"publish","type":"post","link":"https:\/\/tonala.gob.mx\/portal\/2019\/07\/16\/tonala-garantizara-igualdad-de-oportunidades-y-promocion-con-base-en-merito-para-trabajadores-del-gobierno-municipal\/","title":{"rendered":"Tonal\u00e1 garantizar\u00e1 igualdad de oportunidades y promoci\u00f3n con base en  m\u00e9rito para trabajadores del Gobierno Municipal"},"content":{"rendered":"<p><a href=\"https:\/\/tonala.gob.mx\/portal\/wp-content\/uploads\/2019\/07\/photo5003547869919160354.jpg\"><img fetchpriority=\"high\" decoding=\"async\" class=\"alignnone size-full wp-image-27162\" src=\"https:\/\/tonala.gob.mx\/portal\/wp-content\/uploads\/2019\/07\/photo5003547869919160354.jpg\" alt=\"photo5003547869919160354\" width=\"668\" height=\"445\" srcset=\"https:\/\/tonala.gob.mx\/portal\/wp-content\/uploads\/2019\/07\/photo5003547869919160354.jpg 668w, https:\/\/tonala.gob.mx\/portal\/wp-content\/uploads\/2019\/07\/photo5003547869919160354-300x200.jpg 300w\" sizes=\"(max-width: 668px) 100vw, 668px\" \/><\/a><\/p>\n<p><a href=\"https:\/\/tonala.gob.mx\/portal\/wp-content\/uploads\/2019\/07\/photo5003547869919160355.jpg\"><img decoding=\"async\" class=\"alignnone size-large wp-image-27163\" src=\"https:\/\/tonala.gob.mx\/portal\/wp-content\/uploads\/2019\/07\/photo5003547869919160355.jpg\" alt=\"photo5003547869919160355\" width=\"625\" height=\"445\" srcset=\"https:\/\/tonala.gob.mx\/portal\/wp-content\/uploads\/2019\/07\/photo5003547869919160355.jpg 625w, https:\/\/tonala.gob.mx\/portal\/wp-content\/uploads\/2019\/07\/photo5003547869919160355-300x214.jpg 300w\" sizes=\"(max-width: 625px) 100vw, 625px\" \/><\/a><\/p>\n<p><a href=\"https:\/\/tonala.gob.mx\/portal\/wp-content\/uploads\/2019\/07\/photo5003547869919160356.jpg\"><img decoding=\"async\" class=\"alignnone size-large wp-image-27164\" src=\"https:\/\/tonala.gob.mx\/portal\/wp-content\/uploads\/2019\/07\/photo5003547869919160356.jpg\" alt=\"photo5003547869919160356\" width=\"668\" height=\"445\" srcset=\"https:\/\/tonala.gob.mx\/portal\/wp-content\/uploads\/2019\/07\/photo5003547869919160356.jpg 668w, https:\/\/tonala.gob.mx\/portal\/wp-content\/uploads\/2019\/07\/photo5003547869919160356-300x200.jpg 300w\" sizes=\"(max-width: 668px) 100vw, 668px\" \/><\/a><\/p>\n<p><a href=\"https:\/\/tonala.gob.mx\/portal\/wp-content\/uploads\/2019\/07\/photo5003547869919160364.jpg\"><img loading=\"lazy\" decoding=\"async\" class=\"alignnone size-large wp-image-27165\" src=\"https:\/\/tonala.gob.mx\/portal\/wp-content\/uploads\/2019\/07\/photo5003547869919160364.jpg\" alt=\"photo5003547869919160364\" width=\"668\" height=\"445\" srcset=\"https:\/\/tonala.gob.mx\/portal\/wp-content\/uploads\/2019\/07\/photo5003547869919160364.jpg 668w, https:\/\/tonala.gob.mx\/portal\/wp-content\/uploads\/2019\/07\/photo5003547869919160364-300x200.jpg 300w\" sizes=\"(max-width: 668px) 100vw, 668px\" \/><\/a><\/p>\n<p style=\"text-align: justify;\"><span class=\"m_-6193183051869569709gmail-Ninguno\"><span lang=\"ES-TRAD\">Tras 19 a\u00f1os en que se debi\u00f3 instalar, en un hecho hist\u00f3rico, hoy el Gobierno de Tonal\u00e1\u00a0<\/span><\/span><span class=\"m_-6193183051869569709gmail-Ninguno\"><span lang=\"ES-US\">realiz<\/span><\/span><span class=\"m_-6193183051869569709gmail-Ninguno\"><span lang=\"ES-TRAD\">\u00f3 la instalaci\u00f3n de la Comisi\u00f3n Mixta de Capacitaci\u00f3n y Escalaf\u00f3n para que funcionarios p\u00fablicos de base tengan la oportunidad de capacitarse, profesionalizarse y con ello acceder a mejores puestos de trabajo y al mismo tiempo contar con los perfiles mejor preparados en las distintas \u00e1reas de atenci\u00f3n a la ciudadan\u00eda, y as\u00ed hacer de Tonal\u00e1 un referente en Jalisco y a nivel nacional en gesti\u00f3n estrat\u00e9gica de recursos humanos, al profesionalizar la funci\u00f3<\/span><\/span><span class=\"m_-6193183051869569709gmail-Ninguno\"><span lang=\"ES-US\">n p<\/span><\/span><span class=\"m_-6193183051869569709gmail-Ninguno\"><span lang=\"ES-TRAD\">\u00fa<\/span><\/span><span class=\"m_-6193183051869569709gmail-Ninguno\"><span lang=\"PT\">blica.<\/span><\/span><\/p>\n<p class=\"m_-6193183051869569709gmail-Cuerpo\" style=\"text-align: justify;\"><span class=\"m_-6193183051869569709gmail-Ninguno\"><span lang=\"ES-TRAD\">Desde el inicio de la administraci\u00f3n, el presidente municipal Arq. Juan Antonio Gonz\u00e1lez Mora, dio la instrucci\u00f3n de unir esfuerzos para poner orden en la administraci\u00f3n del municipio, dar certeza jur\u00eddica a los empleados y con esta Comi<\/span><\/span><span class=\"m_-6193183051869569709gmail-Ninguno\"><span lang=\"ES-US\">si<\/span><\/span><span class=\"m_-6193183051869569709gmail-Ninguno\"><span lang=\"ES-TRAD\">\u00f3n transparentar el escalaf\u00f3<\/span><\/span><span class=\"m_-6193183051869569709gmail-Ninguno\"><span lang=\"PT\">n para\u00a0<\/span><\/span><span class=\"m_-6193183051869569709gmail-Ninguno\"><span lang=\"ES-TRAD\">los 1526 trabajadores sindicalizados del Gobierno Municipal<\/span><\/span><span class=\"m_-6193183051869569709gmail-Ninguno\"><span lang=\"ES-US\">.<\/span><\/span><\/p>\n<p class=\"m_-6193183051869569709gmail-Cuerpo\" style=\"text-align: justify;\"><span class=\"m_-6193183051869569709gmail-Ninguno\"><span lang=\"ES-TRAD\">\u201cCon la integraci\u00f3n de la Comisi\u00f3n Mixta de Capacitaci\u00f3n y Escalaf\u00f3n, esta que debi\u00f3 de haberse integrado desde hace 19 a\u00f1os pero que por intereses desconocidos nunca se hizo, hoy damos respuesta a una demanda leg\u00edtima de los empleados, d\u00e1ndole certeza a las y los trabajadores de que su esfuerzo en ser cada d\u00eda mejores ser\u00e1 reconocido a trav\u00e9s de convocatorias abiertas para concursar por un empleo en particular que vaya acorde con cada perfil\u201d<\/span><\/span><span class=\"m_-6193183051869569709gmail-Ninguno\"><span lang=\"ES-US\">, se<\/span><\/span><span class=\"m_-6193183051869569709gmail-Ninguno\"><span lang=\"ES-TRAD\">\u00f1<\/span><\/span><span class=\"m_-6193183051869569709gmail-Ninguno\"><span lang=\"ES-US\">al<\/span><\/span><span class=\"m_-6193183051869569709gmail-Ninguno\"><span lang=\"ES-TRAD\">\u00f3 en presidente municipal<\/span><\/span><span class=\"m_-6193183051869569709gmail-Ninguno\"><span lang=\"ES-US\">.<\/span><\/span><\/p>\n<p class=\"m_-6193183051869569709gmail-Cuerpo\" style=\"text-align: justify;\"><span class=\"m_-6193183051869569709gmail-Ninguno\"><span lang=\"ES-TRAD\">El Arq. Juan Antonio Gonz\u00e1<\/span><\/span><span class=\"m_-6193183051869569709gmail-Ninguno\"><span lang=\"DE\">lez, reiter<\/span><\/span><span class=\"m_-6193183051869569709gmail-Ninguno\"><span lang=\"ES-TRAD\">\u00f3 que al asumir est\u00e1 responsabilidad se transparentar\u00e1n todos los procesos para eliminar las viejas pr\u00e1cticas donde los puestos de trabajo eran adquiridos en la discrecionalidad o en el acuerdo pol\u00ed<\/span><\/span><span class=\"m_-6193183051869569709gmail-Ninguno\"><span lang=\"IT\">tico.<\/span><\/span><\/p>\n<p class=\"m_-6193183051869569709gmail-Cuerpo\" style=\"text-align: justify;\"><span class=\"m_-6193183051869569709gmail-Ninguno\"><span lang=\"ES-TRAD\">Es por ello\u00a0 que los trabajos de la C<\/span><\/span><span class=\"m_-6193183051869569709gmail-Ninguno\"><span lang=\"ES-US\">omisi<\/span><\/span><span class=\"m_-6193183051869569709gmail-Ninguno\"><span lang=\"ES-TRAD\">\u00f3<\/span><\/span><span class=\"m_-6193183051869569709gmail-Ninguno\"><span lang=\"ES-US\">n\u00a0<\/span><\/span><span class=\"m_-6193183051869569709gmail-Ninguno\"><span lang=\"ES-TRAD\">Mixta iniciaron con la publicaci\u00f3n de dos convocatorias, la primera ser\u00e1 para hacer las promociones de acuerdo a las vacantes de la plantilla y por lo que se realizar\u00e1 una actualizaci\u00f3n de los expedientes del personal y as\u00ed poder hacer las evaluaciones correspondientes; la segunda, ser\u00e1 para poder tener peritos certificados y podr\u00e1n participar los empleado de base que cubran los requisitos<\/span><\/span><span class=\"m_-6193183051869569709gmail-Ninguno\"><span lang=\"ES-US\">.<\/span><\/span><\/p>\n<p class=\"m_-6193183051869569709gmail-Cuerpo\" style=\"text-align: justify;\"><span class=\"m_-6193183051869569709gmail-Ninguno\"><span lang=\"ES-TRAD\">Durante el arranque, el Secretario General del Gobierno Municipal<\/span><\/span><span class=\"m_-6193183051869569709gmail-Ninguno\"><span lang=\"ES-US\">\u00a0de Tonal<\/span><\/span><span class=\"m_-6193183051869569709gmail-Ninguno\"><span lang=\"ES-TRAD\">\u00e1, Manuel Salvador Romero Cueva, agradeci\u00f3 la disposici\u00f3n de los principales sindicatos de trabajadores del municipio para hacer de esta C<\/span><\/span><span class=\"m_-6193183051869569709gmail-Ninguno\"><span lang=\"ES-US\">omisi<\/span><\/span><span class=\"m_-6193183051869569709gmail-Ninguno\"><span lang=\"ES-TRAD\">\u00f3n una realidad, resalt\u00f3 que se continuar\u00e1 cumpliendo con el compromiso que hizo el presidente municipal para con los servidores p\u00fa<\/span><\/span><span class=\"m_-6193183051869569709gmail-Ninguno\"><span lang=\"PT\">blicos.<\/span><\/span><\/p>\n<p class=\"m_-6193183051869569709gmail-Cuerpo\" style=\"text-align: justify;\"><span class=\"m_-6193183051869569709gmail-Ninguno\"><span lang=\"ES-US\">La Comisi<\/span><\/span><span class=\"m_-6193183051869569709gmail-Ninguno\"><span lang=\"ES-TRAD\">\u00f3n Mixta de Capacitaci\u00f3n y Escalaf\u00f3n estar\u00e1 conformada por el integrante del sindicato mayoritario, Humberto Garc\u00ed<\/span><\/span><span class=\"m_-6193183051869569709gmail-Ninguno\"><span lang=\"ES-US\">a Vel<\/span><\/span><span class=\"m_-6193183051869569709gmail-Ninguno\"><span lang=\"ES-TRAD\">\u00e1zquez; el Secretario General, Manuel Salvador Romero y la coordinadora general de A<\/span><\/span><span class=\"m_-6193183051869569709gmail-Ninguno\"><span lang=\"ES-US\">dministraci<\/span><\/span><span class=\"m_-6193183051869569709gmail-Ninguno\"><span lang=\"ES-TRAD\">\u00f3<\/span><\/span><span class=\"m_-6193183051869569709gmail-Ninguno\"><span lang=\"IT\">n e\u00a0<\/span><\/span><span class=\"m_-6193183051869569709gmail-Ninguno\"><span lang=\"ES-TRAD\">I<\/span><\/span><span class=\"m_-6193183051869569709gmail-Ninguno\"><span lang=\"ES-US\">nnovaci<\/span><\/span><span class=\"m_-6193183051869569709gmail-Ninguno\"><span lang=\"ES-TRAD\">\u00f3<\/span><\/span><span class=\"m_-6193183051869569709gmail-Ninguno\"><span lang=\"ES-US\">n\u00a0<\/span><\/span><span class=\"m_-6193183051869569709gmail-Ninguno\"><span lang=\"ES-TRAD\">G<\/span><\/span><span class=\"m_-6193183051869569709gmail-Ninguno\"><span lang=\"PT\">ubernamental, Diana Ascencio Flores<\/span><\/span><span class=\"m_-6193183051869569709gmail-Ninguno\"><span lang=\"ES-TRAD\">.<\/span><\/span><\/p>\n","protected":false},"excerpt":{"rendered":"<p>Tras 19 a\u00f1os en que se debi\u00f3 instalar, en un hecho hist\u00f3rico, hoy el Gobierno de Tonal\u00e1\u00a0realiz\u00f3 la instalaci\u00f3n de<\/p>\n","protected":false},"author":2,"featured_media":27167,"comment_status":"closed","ping_status":"open","sticky":false,"template":"","format":"standard","meta":{"colormag_page_container_layout":"default_layout","colormag_page_sidebar_layout":"default_layout","footnotes":""},"categories":[2],"tags":[],"class_list":["post-27161","post","type-post","status-publish","format-standard","has-post-thumbnail","hentry","category-comunicacion-social"],"_links":{"self":[{"href":"https:\/\/tonala.gob.mx\/portal\/wp-json\/wp\/v2\/posts\/27161","targetHints":{"allow":["GET"]}}],"collection":[{"href":"https:\/\/tonala.gob.mx\/portal\/wp-json\/wp\/v2\/posts"}],"about":[{"href":"https:\/\/tonala.gob.mx\/portal\/wp-json\/wp\/v2\/types\/post"}],"author":[{"embeddable":true,"href":"https:\/\/tonala.gob.mx\/portal\/wp-json\/wp\/v2\/users\/2"}],"replies":[{"embeddable":true,"href":"https:\/\/tonala.gob.mx\/portal\/wp-json\/wp\/v2\/comments?post=27161"}],"version-history":[{"count":3,"href":"https:\/\/tonala.gob.mx\/portal\/wp-json\/wp\/v2\/posts\/27161\/revisions"}],"predecessor-version":[{"id":27169,"href":"https:\/\/tonala.gob.mx\/portal\/wp-json\/wp\/v2\/posts\/27161\/revisions\/27169"}],"wp:featuredmedia":[{"embeddable":true,"href":"https:\/\/tonala.gob.mx\/portal\/wp-json\/wp\/v2\/media\/27167"}],"wp:attachment":[{"href":"https:\/\/tonala.gob.mx\/portal\/wp-json\/wp\/v2\/media?parent=27161"}],"wp:term":[{"taxonomy":"category","embeddable":true,"href":"https:\/\/tonala.gob.mx\/portal\/wp-json\/wp\/v2\/categories?post=27161"},{"taxonomy":"post_tag","embeddable":true,"href":"https:\/\/tonala.gob.mx\/portal\/wp-json\/wp\/v2\/tags?post=27161"}],"curies":[{"name":"wp","href":"https:\/\/api.w.org\/{rel}","templated":true}]}}