{"id":26597,"date":"2019-05-06T16:23:24","date_gmt":"2019-05-06T22:23:24","guid":{"rendered":"http:\/\/tonala.gob.mx\/portal\/?p=26597"},"modified":"2019-05-06T16:23:24","modified_gmt":"2019-05-06T22:23:24","slug":"inicia-la-construccion-del-hospital-civil-en-tonala","status":"publish","type":"post","link":"https:\/\/tonala.gob.mx\/portal\/2019\/05\/06\/inicia-la-construccion-del-hospital-civil-en-tonala\/","title":{"rendered":"Inicia la construcci\u00f3n del Hospital Civil en Tonal\u00e1"},"content":{"rendered":"<p><a href=\"https:\/\/tonala.gob.mx\/portal\/wp-content\/uploads\/2019\/05\/photo5082356946387970077.jpg\"><img fetchpriority=\"high\" decoding=\"async\" class=\"alignnone size-full wp-image-26598\" src=\"https:\/\/tonala.gob.mx\/portal\/wp-content\/uploads\/2019\/05\/photo5082356946387970077.jpg\" alt=\"photo5082356946387970077\" width=\"668\" height=\"445\" srcset=\"https:\/\/tonala.gob.mx\/portal\/wp-content\/uploads\/2019\/05\/photo5082356946387970077.jpg 668w, https:\/\/tonala.gob.mx\/portal\/wp-content\/uploads\/2019\/05\/photo5082356946387970077-300x200.jpg 300w\" sizes=\"(max-width: 668px) 100vw, 668px\" \/><\/a><\/p>\n<p><a href=\"https:\/\/tonala.gob.mx\/portal\/wp-content\/uploads\/2019\/05\/photo5082356946387970080-1.jpg\"><img decoding=\"async\" class=\"alignnone size-large wp-image-26599\" src=\"https:\/\/tonala.gob.mx\/portal\/wp-content\/uploads\/2019\/05\/photo5082356946387970080-1.jpg\" alt=\"photo5082356946387970080 (1)\" width=\"668\" height=\"445\" srcset=\"https:\/\/tonala.gob.mx\/portal\/wp-content\/uploads\/2019\/05\/photo5082356946387970080-1.jpg 668w, https:\/\/tonala.gob.mx\/portal\/wp-content\/uploads\/2019\/05\/photo5082356946387970080-1-300x200.jpg 300w\" sizes=\"(max-width: 668px) 100vw, 668px\" \/><\/a><\/p>\n<p><a href=\"https:\/\/tonala.gob.mx\/portal\/wp-content\/uploads\/2019\/05\/photo5082356946387970083.jpg\"><img decoding=\"async\" class=\"alignnone size-large wp-image-26600\" src=\"https:\/\/tonala.gob.mx\/portal\/wp-content\/uploads\/2019\/05\/photo5082356946387970083.jpg\" alt=\"photo5082356946387970083\" width=\"668\" height=\"445\" srcset=\"https:\/\/tonala.gob.mx\/portal\/wp-content\/uploads\/2019\/05\/photo5082356946387970083.jpg 668w, https:\/\/tonala.gob.mx\/portal\/wp-content\/uploads\/2019\/05\/photo5082356946387970083-300x200.jpg 300w\" sizes=\"(max-width: 668px) 100vw, 668px\" \/><\/a><\/p>\n<p>&nbsp;<\/p>\n<p style=\"text-align: justify;\">En el municipio de Tonal\u00e1 arranc\u00f3 la construcci\u00f3n del Hospital Civil de Oriente, que ser\u00e1 el tercer hospital de especialidad y alta especialidad en el estado de Jalisco. Esta obra fue uno de los compromisos que el presidente municipal de Tonal\u00e1, Juan Antonio Gonz\u00e1lez Mora, y el gobernador del estado, Enrique Alfaro Ram\u00edrez, realizaron en campa\u00f1a.<\/p>\n<p style=\"text-align: justify;\">El presidente municipal indic\u00f3 que esta obra es una de las m\u00e1s importantes en la historia contempor\u00e1nea de Tonal\u00e1 y del estado de Jalisco, ya que beneficiar\u00e1 a miles de familias tonaltecas y de municipios colindantes, por eso desde el primer d\u00eda de gobierno realiz\u00f3 la gesti\u00f3n de recursos para que el hospital fuera una realidad.<\/p>\n<p style=\"text-align: justify;\">Juan Antonio se\u00f1al\u00f3 que en una pl\u00e1tica que tuvo hace un a\u00f1o y medio con el actual gobernador y el actual rector general de la Universidad de Guadalajara (UdeG), Dr. Ricardo Villanueva Lomel\u00ed, coincidieron en que ya era hora de que se hiciera justicia a las y los tonaltecas, para que la gente pudieran tener servicios dignos de salud y el municipio no siguiera relegado del desarrollo de la Zona Metropolitana.<\/p>\n<p style=\"text-align: justify;\">El nuevo hospital civil tendr\u00e1 una capacidad de 260 camas, para atender urgencias, cirug\u00edas, medicina interna y alta especialidad, adem\u00e1s servir\u00e1 como hospital escuela para el desarrollo de la comunidad universitaria. Los hospitales civiles atienden al 44 por ciento de la poblaci\u00f3n y son un centro hospitalario al servicio de la poblaci\u00f3n m\u00e1s vulnerable del estado.<\/p>\n<p style=\"text-align: justify;\">El rector general de UdeG, Ricardo Villanueva, destac\u00f3 la disposici\u00f3n del gobierno municipal de Tonal\u00e1 y del Gobierno del Estado para impulsar este proyecto que fue gestado con la intenci\u00f3n de dar atenci\u00f3n a los habitantes de esta parte de la Zona Metropolitana de Guadalajara.<\/p>\n<p style=\"text-align: justify;\">Por su parte el gobernador del estado, Enrique Alfaro, indic\u00f3 que el Hospital Civil de Oriente impactar\u00e1 de manera importante a Tonal\u00e1, dijo que la tercera unidad de los hospitales civiles tendr\u00e1 una inversi\u00f3n de 50 millones de pesos en el primer a\u00f1o y 200 millones m\u00e1s en el segundo a\u00f1o, para terminar en su primera etapa las \u00e1reas de consulta externa y de urgencias.<\/p>\n<p style=\"text-align: justify;\">Ante m\u00e1s de 300 personas que se dieron cita en los terrenos donde se empezar\u00e1 a construir el nuevo hospital, el gobernador del estado, el presidente municipal de Tonal\u00e1, el rector general de la Universidad de Guadalajara y el director general de los Hospitales Civiles, colocaron la primera piedra de lo que ser\u00e1 el Hospital Civil de Oriente.<\/p>\n<p style=\"text-align: justify;\">\n","protected":false},"excerpt":{"rendered":"<p>&nbsp; En el municipio de Tonal\u00e1 arranc\u00f3 la construcci\u00f3n del Hospital Civil de Oriente, que ser\u00e1 el tercer hospital de<\/p>\n","protected":false},"author":2,"featured_media":26600,"comment_status":"closed","ping_status":"open","sticky":false,"template":"","format":"standard","meta":{"colormag_page_container_layout":"default_layout","colormag_page_sidebar_layout":"default_layout","footnotes":""},"categories":[2],"tags":[],"class_list":["post-26597","post","type-post","status-publish","format-standard","has-post-thumbnail","hentry","category-comunicacion-social"],"_links":{"self":[{"href":"https:\/\/tonala.gob.mx\/portal\/wp-json\/wp\/v2\/posts\/26597","targetHints":{"allow":["GET"]}}],"collection":[{"href":"https:\/\/tonala.gob.mx\/portal\/wp-json\/wp\/v2\/posts"}],"about":[{"href":"https:\/\/tonala.gob.mx\/portal\/wp-json\/wp\/v2\/types\/post"}],"author":[{"embeddable":true,"href":"https:\/\/tonala.gob.mx\/portal\/wp-json\/wp\/v2\/users\/2"}],"replies":[{"embeddable":true,"href":"https:\/\/tonala.gob.mx\/portal\/wp-json\/wp\/v2\/comments?post=26597"}],"version-history":[{"count":1,"href":"https:\/\/tonala.gob.mx\/portal\/wp-json\/wp\/v2\/posts\/26597\/revisions"}],"predecessor-version":[{"id":26601,"href":"https:\/\/tonala.gob.mx\/portal\/wp-json\/wp\/v2\/posts\/26597\/revisions\/26601"}],"wp:featuredmedia":[{"embeddable":true,"href":"https:\/\/tonala.gob.mx\/portal\/wp-json\/wp\/v2\/media\/26600"}],"wp:attachment":[{"href":"https:\/\/tonala.gob.mx\/portal\/wp-json\/wp\/v2\/media?parent=26597"}],"wp:term":[{"taxonomy":"category","embeddable":true,"href":"https:\/\/tonala.gob.mx\/portal\/wp-json\/wp\/v2\/categories?post=26597"},{"taxonomy":"post_tag","embeddable":true,"href":"https:\/\/tonala.gob.mx\/portal\/wp-json\/wp\/v2\/tags?post=26597"}],"curies":[{"name":"wp","href":"https:\/\/api.w.org\/{rel}","templated":true}]}}