{"id":26582,"date":"2019-05-02T08:26:36","date_gmt":"2019-05-02T14:26:36","guid":{"rendered":"http:\/\/tonala.gob.mx\/portal\/?p=26582"},"modified":"2019-05-03T08:41:10","modified_gmt":"2019-05-03T14:41:10","slug":"cultura-de-la-paz-para-erradicar-el-acoso-escolar-en-tonala","status":"publish","type":"post","link":"https:\/\/tonala.gob.mx\/portal\/2019\/05\/02\/cultura-de-la-paz-para-erradicar-el-acoso-escolar-en-tonala\/","title":{"rendered":"Cultura de la paz para erradicar el acoso escolar en Tonal\u00e1"},"content":{"rendered":"<p><a href=\"https:\/\/tonala.gob.mx\/portal\/wp-content\/uploads\/2019\/05\/IMG_2210.jpg\"><img fetchpriority=\"high\" decoding=\"async\" class=\"alignnone size-full wp-image-26584\" src=\"https:\/\/tonala.gob.mx\/portal\/wp-content\/uploads\/2019\/05\/IMG_2210.jpg\" alt=\"IMG_2210\" width=\"668\" height=\"445\" srcset=\"https:\/\/tonala.gob.mx\/portal\/wp-content\/uploads\/2019\/05\/IMG_2210.jpg 668w, https:\/\/tonala.gob.mx\/portal\/wp-content\/uploads\/2019\/05\/IMG_2210-300x200.jpg 300w\" sizes=\"(max-width: 668px) 100vw, 668px\" \/><\/a><\/p>\n<p><a href=\"https:\/\/tonala.gob.mx\/portal\/wp-content\/uploads\/2019\/05\/IMG_2317.jpg\"><img decoding=\"async\" class=\"alignnone size-large wp-image-26585\" src=\"https:\/\/tonala.gob.mx\/portal\/wp-content\/uploads\/2019\/05\/IMG_2317.jpg\" alt=\"IMG_2317\" width=\"668\" height=\"445\" srcset=\"https:\/\/tonala.gob.mx\/portal\/wp-content\/uploads\/2019\/05\/IMG_2317.jpg 668w, https:\/\/tonala.gob.mx\/portal\/wp-content\/uploads\/2019\/05\/IMG_2317-300x200.jpg 300w\" sizes=\"(max-width: 668px) 100vw, 668px\" \/><\/a><\/p>\n<p><a href=\"https:\/\/tonala.gob.mx\/portal\/wp-content\/uploads\/2019\/05\/IMG_2326.jpg\"><img decoding=\"async\" class=\"alignnone size-full wp-image-26586\" src=\"https:\/\/tonala.gob.mx\/portal\/wp-content\/uploads\/2019\/05\/IMG_2326.jpg\" alt=\"IMG_2326\" width=\"668\" height=\"445\" srcset=\"https:\/\/tonala.gob.mx\/portal\/wp-content\/uploads\/2019\/05\/IMG_2326.jpg 668w, https:\/\/tonala.gob.mx\/portal\/wp-content\/uploads\/2019\/05\/IMG_2326-300x200.jpg 300w\" sizes=\"(max-width: 668px) 100vw, 668px\" \/><\/a><\/p>\n<p style=\"text-align: justify;\">El Gobierno Municipal de Tonal\u00e1 trabaja fuerte para erradicar el acoso escolar y fomentar en los ni\u00f1os y j\u00f3venes los principios de no violencia. En el marco del D\u00eda Internacional de la Lucha contra el Bullying, personal de la Jefatura Justicia Itinerante y de la Direcci\u00f3n de Justicia Municipal asistieron a la primaria Tierra y Libertad, turno matutino, en la localidad de Coyula, para compartir con los alumnos de cuarto, quinto y sexto estrategias para solucionar los conflictos y tensiones a partir del di\u00e1logo, el perd\u00f3n y el respeto. Estos trabajos son parte del programa Educando para la paz, que se implementa en todas las escuelas de educaci\u00f3n b\u00e1sica del municipio.<\/p>\n<p style=\"text-align: justify;\">El acoso f\u00edsico o psicol\u00f3gico entre compa\u00f1eros de escuela es una conducta que debe ser erradicada y para lograrlo los ni\u00f1os y j\u00f3venes deben tener conciencia sobre las implicaciones de estas acciones. Como actividades de concientizaci\u00f3n los alumnos participaron en ejercicios l\u00fadicos y compartieron un mensaje de paz. Adem\u00e1s de las acciones en materia de prevenci\u00f3n y fortalecimiento de la seguridad que ha implementado el Gobierno Municipal, como la compra de 25 patrullas, equipamiento y la coordinaci\u00f3n con las diferentes corporaciones, esta Administraci\u00f3n busca recomponer el tejido social a trav\u00e9s de la cultura de la paz en la educaci\u00f3n y promover valores democr\u00e1ticos y de respeto a los derechos humanos.<\/p>\n","protected":false},"excerpt":{"rendered":"<p>El Gobierno Municipal de Tonal\u00e1 trabaja fuerte para erradicar el acoso escolar y fomentar en los ni\u00f1os y j\u00f3venes los<\/p>\n","protected":false},"author":2,"featured_media":26584,"comment_status":"closed","ping_status":"open","sticky":false,"template":"","format":"standard","meta":{"colormag_page_container_layout":"default_layout","colormag_page_sidebar_layout":"default_layout","footnotes":""},"categories":[2],"tags":[],"class_list":["post-26582","post","type-post","status-publish","format-standard","has-post-thumbnail","hentry","category-comunicacion-social"],"_links":{"self":[{"href":"https:\/\/tonala.gob.mx\/portal\/wp-json\/wp\/v2\/posts\/26582","targetHints":{"allow":["GET"]}}],"collection":[{"href":"https:\/\/tonala.gob.mx\/portal\/wp-json\/wp\/v2\/posts"}],"about":[{"href":"https:\/\/tonala.gob.mx\/portal\/wp-json\/wp\/v2\/types\/post"}],"author":[{"embeddable":true,"href":"https:\/\/tonala.gob.mx\/portal\/wp-json\/wp\/v2\/users\/2"}],"replies":[{"embeddable":true,"href":"https:\/\/tonala.gob.mx\/portal\/wp-json\/wp\/v2\/comments?post=26582"}],"version-history":[{"count":2,"href":"https:\/\/tonala.gob.mx\/portal\/wp-json\/wp\/v2\/posts\/26582\/revisions"}],"predecessor-version":[{"id":26587,"href":"https:\/\/tonala.gob.mx\/portal\/wp-json\/wp\/v2\/posts\/26582\/revisions\/26587"}],"wp:featuredmedia":[{"embeddable":true,"href":"https:\/\/tonala.gob.mx\/portal\/wp-json\/wp\/v2\/media\/26584"}],"wp:attachment":[{"href":"https:\/\/tonala.gob.mx\/portal\/wp-json\/wp\/v2\/media?parent=26582"}],"wp:term":[{"taxonomy":"category","embeddable":true,"href":"https:\/\/tonala.gob.mx\/portal\/wp-json\/wp\/v2\/categories?post=26582"},{"taxonomy":"post_tag","embeddable":true,"href":"https:\/\/tonala.gob.mx\/portal\/wp-json\/wp\/v2\/tags?post=26582"}],"curies":[{"name":"wp","href":"https:\/\/api.w.org\/{rel}","templated":true}]}}