{"id":26509,"date":"2019-04-11T18:07:23","date_gmt":"2019-04-12T00:07:23","guid":{"rendered":"http:\/\/tonala.gob.mx\/portal\/?p=26509"},"modified":"2019-04-11T18:07:23","modified_gmt":"2019-04-12T00:07:23","slug":"foro-ciudadano-sobre-seguridad-para-realizar-el-plan-municipal-de-desarrollo-en-tonala","status":"publish","type":"post","link":"https:\/\/tonala.gob.mx\/portal\/2019\/04\/11\/foro-ciudadano-sobre-seguridad-para-realizar-el-plan-municipal-de-desarrollo-en-tonala\/","title":{"rendered":"Foro ciudadano sobre seguridad para realizar el Plan Municipal de Desarrollo en Tonal\u00e1"},"content":{"rendered":"<p><a href=\"https:\/\/tonala.gob.mx\/portal\/wp-content\/uploads\/2019\/04\/photo5008111457354754073.jpg\"><img fetchpriority=\"high\" decoding=\"async\" class=\"alignnone size-full wp-image-26510\" src=\"https:\/\/tonala.gob.mx\/portal\/wp-content\/uploads\/2019\/04\/photo5008111457354754073.jpg\" alt=\"photo5008111457354754073\" width=\"668\" height=\"445\" srcset=\"https:\/\/tonala.gob.mx\/portal\/wp-content\/uploads\/2019\/04\/photo5008111457354754073.jpg 668w, https:\/\/tonala.gob.mx\/portal\/wp-content\/uploads\/2019\/04\/photo5008111457354754073-300x200.jpg 300w\" sizes=\"(max-width: 668px) 100vw, 668px\" \/><\/a><\/p>\n<p><a href=\"https:\/\/tonala.gob.mx\/portal\/wp-content\/uploads\/2019\/04\/photo5008111457354754075.jpg\"><img decoding=\"async\" class=\"alignnone size-full wp-image-26511\" src=\"https:\/\/tonala.gob.mx\/portal\/wp-content\/uploads\/2019\/04\/photo5008111457354754075.jpg\" alt=\"photo5008111457354754075\" width=\"668\" height=\"445\" srcset=\"https:\/\/tonala.gob.mx\/portal\/wp-content\/uploads\/2019\/04\/photo5008111457354754075.jpg 668w, https:\/\/tonala.gob.mx\/portal\/wp-content\/uploads\/2019\/04\/photo5008111457354754075-300x200.jpg 300w\" sizes=\"(max-width: 668px) 100vw, 668px\" \/><\/a><\/p>\n<p><a href=\"https:\/\/tonala.gob.mx\/portal\/wp-content\/uploads\/2019\/04\/photo5008111457354754077.jpg\"><img decoding=\"async\" class=\"alignnone size-full wp-image-26512\" src=\"https:\/\/tonala.gob.mx\/portal\/wp-content\/uploads\/2019\/04\/photo5008111457354754077.jpg\" alt=\"photo5008111457354754077\" width=\"668\" height=\"445\" srcset=\"https:\/\/tonala.gob.mx\/portal\/wp-content\/uploads\/2019\/04\/photo5008111457354754077.jpg 668w, https:\/\/tonala.gob.mx\/portal\/wp-content\/uploads\/2019\/04\/photo5008111457354754077-300x200.jpg 300w\" sizes=\"(max-width: 668px) 100vw, 668px\" \/><\/a><\/p>\n<p><a href=\"https:\/\/tonala.gob.mx\/portal\/wp-content\/uploads\/2019\/04\/photo5008111457354754082.jpg\"><img loading=\"lazy\" decoding=\"async\" class=\"alignnone size-large wp-image-26513\" src=\"https:\/\/tonala.gob.mx\/portal\/wp-content\/uploads\/2019\/04\/photo5008111457354754082.jpg\" alt=\"photo5008111457354754082\" width=\"668\" height=\"445\" srcset=\"https:\/\/tonala.gob.mx\/portal\/wp-content\/uploads\/2019\/04\/photo5008111457354754082.jpg 668w, https:\/\/tonala.gob.mx\/portal\/wp-content\/uploads\/2019\/04\/photo5008111457354754082-300x200.jpg 300w\" sizes=\"(max-width: 668px) 100vw, 668px\" \/><\/a><\/p>\n<p>Con la participaci\u00f3n de especialistas, acad\u00e9micos y ciudadan\u00eda del municipio, esta tarde se realiz\u00f3 el foro \u201cProblem\u00e1ticas, retos y\u00a0 desaf\u00edos en la Seguridad y Participaci\u00f3n Ciudadana\u201d, cuyas conclusiones se integrar\u00e1n al Plan Municipal de Desarrollo de Tonal\u00e1.<\/p>\n<p style=\"font-weight: 400; text-align: justify;\">El presidente municipal, Juan Antonio Gonz\u00e1lez Mora, afirm\u00f3 que la participaci\u00f3n ciudadana es fundamental para combatir el problema de inseguridad en el municipio y en el Estado, de ah\u00ed que se impulsen estas mesas de trabajo para que la sociedad, en conjunto con la autoridad, desarrolle un plan que permita recuperar la paz en Tonal\u00e1.<\/p>\n<p style=\"font-weight: 400; text-align: justify;\">\u00a0Por su parte, la secretaria de Planeaci\u00f3n y Participaci\u00f3n Ciudadana de la Administraci\u00f3n Estatal, Margarita Sierra D\u00edaz, se\u00f1al\u00f3 que para enfrentar la violencia se debe trabajar desde la paz, y manifest\u00f3 que en este y otros temas, el municipio contar\u00e1 con el respaldo y el trabajo del Gobierno del Estado.<\/p>\n","protected":false},"excerpt":{"rendered":"<p>Con la participaci\u00f3n de especialistas, acad\u00e9micos y ciudadan\u00eda del municipio, esta tarde se realiz\u00f3 el foro \u201cProblem\u00e1ticas, retos y\u00a0 desaf\u00edos<\/p>\n","protected":false},"author":2,"featured_media":26511,"comment_status":"closed","ping_status":"open","sticky":false,"template":"","format":"standard","meta":{"colormag_page_container_layout":"default_layout","colormag_page_sidebar_layout":"default_layout","footnotes":""},"categories":[2],"tags":[],"class_list":["post-26509","post","type-post","status-publish","format-standard","has-post-thumbnail","hentry","category-comunicacion-social"],"_links":{"self":[{"href":"https:\/\/tonala.gob.mx\/portal\/wp-json\/wp\/v2\/posts\/26509","targetHints":{"allow":["GET"]}}],"collection":[{"href":"https:\/\/tonala.gob.mx\/portal\/wp-json\/wp\/v2\/posts"}],"about":[{"href":"https:\/\/tonala.gob.mx\/portal\/wp-json\/wp\/v2\/types\/post"}],"author":[{"embeddable":true,"href":"https:\/\/tonala.gob.mx\/portal\/wp-json\/wp\/v2\/users\/2"}],"replies":[{"embeddable":true,"href":"https:\/\/tonala.gob.mx\/portal\/wp-json\/wp\/v2\/comments?post=26509"}],"version-history":[{"count":1,"href":"https:\/\/tonala.gob.mx\/portal\/wp-json\/wp\/v2\/posts\/26509\/revisions"}],"predecessor-version":[{"id":26514,"href":"https:\/\/tonala.gob.mx\/portal\/wp-json\/wp\/v2\/posts\/26509\/revisions\/26514"}],"wp:featuredmedia":[{"embeddable":true,"href":"https:\/\/tonala.gob.mx\/portal\/wp-json\/wp\/v2\/media\/26511"}],"wp:attachment":[{"href":"https:\/\/tonala.gob.mx\/portal\/wp-json\/wp\/v2\/media?parent=26509"}],"wp:term":[{"taxonomy":"category","embeddable":true,"href":"https:\/\/tonala.gob.mx\/portal\/wp-json\/wp\/v2\/categories?post=26509"},{"taxonomy":"post_tag","embeddable":true,"href":"https:\/\/tonala.gob.mx\/portal\/wp-json\/wp\/v2\/tags?post=26509"}],"curies":[{"name":"wp","href":"https:\/\/api.w.org\/{rel}","templated":true}]}}