{"id":26502,"date":"2019-04-11T17:47:19","date_gmt":"2019-04-11T23:47:19","guid":{"rendered":"http:\/\/tonala.gob.mx\/portal\/?p=26502"},"modified":"2019-04-11T17:47:19","modified_gmt":"2019-04-11T23:47:19","slug":"nombran-tonalteca-ilustre-al-artesano-jose-bernabe-campechano","status":"publish","type":"post","link":"https:\/\/tonala.gob.mx\/portal\/2019\/04\/11\/nombran-tonalteca-ilustre-al-artesano-jose-bernabe-campechano\/","title":{"rendered":"Nombran Tonalteca Ilustre al artesano Jos\u00e9 Bernabe Campechano"},"content":{"rendered":"<p><a href=\"https:\/\/tonala.gob.mx\/portal\/wp-content\/uploads\/2019\/04\/photo5008111457354754067.jpg\"><img fetchpriority=\"high\" decoding=\"async\" class=\"alignnone size-full wp-image-26503\" src=\"https:\/\/tonala.gob.mx\/portal\/wp-content\/uploads\/2019\/04\/photo5008111457354754067.jpg\" alt=\"photo5008111457354754067\" width=\"668\" height=\"445\" srcset=\"https:\/\/tonala.gob.mx\/portal\/wp-content\/uploads\/2019\/04\/photo5008111457354754067.jpg 668w, https:\/\/tonala.gob.mx\/portal\/wp-content\/uploads\/2019\/04\/photo5008111457354754067-300x200.jpg 300w\" sizes=\"(max-width: 668px) 100vw, 668px\" \/><\/a><\/p>\n<p><a href=\"https:\/\/tonala.gob.mx\/portal\/wp-content\/uploads\/2019\/04\/photo5008111457354754068.jpg\"><img decoding=\"async\" class=\"alignnone size-full wp-image-26504\" src=\"https:\/\/tonala.gob.mx\/portal\/wp-content\/uploads\/2019\/04\/photo5008111457354754068.jpg\" alt=\"photo5008111457354754068\" width=\"668\" height=\"445\" srcset=\"https:\/\/tonala.gob.mx\/portal\/wp-content\/uploads\/2019\/04\/photo5008111457354754068.jpg 668w, https:\/\/tonala.gob.mx\/portal\/wp-content\/uploads\/2019\/04\/photo5008111457354754068-300x200.jpg 300w\" sizes=\"(max-width: 668px) 100vw, 668px\" \/><\/a><\/p>\n<p><a href=\"https:\/\/tonala.gob.mx\/portal\/wp-content\/uploads\/2019\/04\/photo5008111457354754069.jpg\"><img decoding=\"async\" class=\"alignnone size-full wp-image-26505\" src=\"https:\/\/tonala.gob.mx\/portal\/wp-content\/uploads\/2019\/04\/photo5008111457354754069.jpg\" alt=\"photo5008111457354754069\" width=\"668\" height=\"445\" srcset=\"https:\/\/tonala.gob.mx\/portal\/wp-content\/uploads\/2019\/04\/photo5008111457354754069.jpg 668w, https:\/\/tonala.gob.mx\/portal\/wp-content\/uploads\/2019\/04\/photo5008111457354754069-300x200.jpg 300w\" sizes=\"(max-width: 668px) 100vw, 668px\" \/><\/a><\/p>\n<p>&nbsp;<\/p>\n<p style=\"font-weight: 400; text-align: justify;\">En Sesi\u00f3n Solemne del\u00a0\u00a0Gobierno de Tonal\u00e1, celebrada en el Patio Miguel Hidalgo de la Presidencia Municipal, se rindi\u00f3 un homenaje post mortem al maestro artesano Jos\u00e9 Bernabe Campechano y se le reconoci\u00f3 como Tonalteca Ilustre.<\/p>\n<p style=\"font-weight: 400; text-align: justify;\">Jos\u00e9 Bernabe Campechano falleci\u00f3 el 29 de enero, se destac\u00f3 por su t\u00e9cnica artesanal en conocida como \u201cpetatillo\u201d. Fue un artesano nato que dedic\u00f3 su vida a perfeccionar y profesionalizar su t\u00e9cnica y realiz\u00f3 obras extraordinarias, pero adem\u00e1s, fue un gran impulsor de los artesanos y de Tonal\u00e1.<\/p>\n<p style=\"font-weight: 400; text-align: justify;\">El presidente de Tonal\u00e1, Juan Antonio Gonz\u00e1lez Mora, se\u00f1al\u00f3 que\u00a0\u00a0Don Jos\u00e9 d\u00eda a d\u00eda creaba piezas maravillosas colmadas de historia, donde los principales s\u00edmbolos de esta regi\u00f3n dieron identidad a su obra, el sol, la luna, los m\u00e1gicos nahuales, los venados y las flores conformaron extraordinarias escenas en piezas de perfecta manufactura. Mencion\u00f3\u00a0\u00a0que el maestro Bernabe desde muy temprano, y con la pasi\u00f3n de siempre, cada ma\u00f1ana se dispon\u00eda a organizar las tareas a realizar en su taller, manteniendo por m\u00e1s de cinco d\u00e9cadas una de las t\u00e9cnicas tradicionales que hay en Tonal\u00e1, la t\u00e9cnica del \u201cpetatillo\u201d, misma que ha transmitido a trav\u00e9s de su esposa, hijos y nietos.<\/p>\n<p style=\"font-weight: 400; text-align: justify;\">Destac\u00f3 que Don Jos\u00e9 Bernabe Campechano gan\u00f3 diversos premios y reconocimientos como el \u201cPremio Jalisco 1964\u201d; el \u201c\u00c1ngel Carranza 1989\u201d dentro del XIII Premio Nacional de la Cer\u00e1mica; y fue reconocido entre los \u201c150 Maestros del Arte Popular en M\u00e9xico\u201d. Adem\u00e1s, recibi\u00f3 tambi\u00e9n el reconocimiento de personalidades como el Ex Presidente de los Estados Unidos, Barack Obama y del Papa Juan Pablo II.<\/p>\n<p style=\"font-weight: 400; text-align: justify;\">El presidente resalt\u00f3 que la riqueza de un pueblo radica en su gente, su historia y su cultura: \u201cOrgullosamente podemos decir que Tonal\u00e1 es una de las entidades del pa\u00eds con m\u00e1s riqueza. Nuestros artesanos nos representan con dignidad y calidad, y cosechan un gran reconocimiento a trav\u00e9s de sus obras. Varios son los grandes maestros que como Don Jos\u00e9, se convirtieron en guardianes de las t\u00e9cnicas tradicionales de la cer\u00e1mica tonalteca. Una generaci\u00f3n con temple y casta, como Nicasio Pajarito, Don Florentino Jim\u00f3n, Salvador V\u00e1zquez o Jorge Wilmont,\u00a0\u00a0por citar algunos, que de manera comprometida forjaron nuevas generaciones, mismas que hoy en d\u00eda dan muestra de tradici\u00f3n e innovaci\u00f3n\u201d.<\/p>\n<p style=\"font-weight: 400; text-align: justify;\">Finalmente indic\u00f3 que una de las tareas preponderantes del Gobierno Municipal es la de preservar, fortalecer y difundir el Patrimonio Cultural de Tonal\u00e1: \u201cHoy mediante este homenaje p\u00f3stumo refrend\u00f3 mi compromiso, y el de este gobierno, para preservar el legado cultural y patrimonial de Don Jose Bernabe Campechano, celebremos este d\u00eda la vida y obra de tan insigne Tonalteca.<\/p>\n<p style=\"font-weight: 400;\">El maestro artesano Jos\u00e9 Bernabe Campechano hered\u00f3 un legado artesanal y cultural a trav\u00e9s de la t\u00e9cnica conocida como Petatillo.<\/p>\n","protected":false},"excerpt":{"rendered":"<p>&nbsp; En Sesi\u00f3n Solemne del\u00a0\u00a0Gobierno de Tonal\u00e1, celebrada en el Patio Miguel Hidalgo de la Presidencia Municipal, se rindi\u00f3 un<\/p>\n","protected":false},"author":2,"featured_media":26505,"comment_status":"closed","ping_status":"open","sticky":false,"template":"","format":"standard","meta":{"colormag_page_container_layout":"default_layout","colormag_page_sidebar_layout":"default_layout","footnotes":""},"categories":[2],"tags":[],"class_list":["post-26502","post","type-post","status-publish","format-standard","has-post-thumbnail","hentry","category-comunicacion-social"],"_links":{"self":[{"href":"https:\/\/tonala.gob.mx\/portal\/wp-json\/wp\/v2\/posts\/26502","targetHints":{"allow":["GET"]}}],"collection":[{"href":"https:\/\/tonala.gob.mx\/portal\/wp-json\/wp\/v2\/posts"}],"about":[{"href":"https:\/\/tonala.gob.mx\/portal\/wp-json\/wp\/v2\/types\/post"}],"author":[{"embeddable":true,"href":"https:\/\/tonala.gob.mx\/portal\/wp-json\/wp\/v2\/users\/2"}],"replies":[{"embeddable":true,"href":"https:\/\/tonala.gob.mx\/portal\/wp-json\/wp\/v2\/comments?post=26502"}],"version-history":[{"count":1,"href":"https:\/\/tonala.gob.mx\/portal\/wp-json\/wp\/v2\/posts\/26502\/revisions"}],"predecessor-version":[{"id":26506,"href":"https:\/\/tonala.gob.mx\/portal\/wp-json\/wp\/v2\/posts\/26502\/revisions\/26506"}],"wp:featuredmedia":[{"embeddable":true,"href":"https:\/\/tonala.gob.mx\/portal\/wp-json\/wp\/v2\/media\/26505"}],"wp:attachment":[{"href":"https:\/\/tonala.gob.mx\/portal\/wp-json\/wp\/v2\/media?parent=26502"}],"wp:term":[{"taxonomy":"category","embeddable":true,"href":"https:\/\/tonala.gob.mx\/portal\/wp-json\/wp\/v2\/categories?post=26502"},{"taxonomy":"post_tag","embeddable":true,"href":"https:\/\/tonala.gob.mx\/portal\/wp-json\/wp\/v2\/tags?post=26502"}],"curies":[{"name":"wp","href":"https:\/\/api.w.org\/{rel}","templated":true}]}}