{"id":19206,"date":"2018-07-25T16:55:02","date_gmt":"2018-07-25T22:55:02","guid":{"rendered":"http:\/\/tonala.gob.mx\/portal\/?p=19206"},"modified":"2018-07-30T10:57:41","modified_gmt":"2018-07-30T16:57:41","slug":"arrancan-las-jugadas-de-los-tastoanes-dentro-del-marco-de-tradicion-fiesta-y-fe-2018","status":"publish","type":"post","link":"https:\/\/tonala.gob.mx\/portal\/2018\/07\/25\/arrancan-las-jugadas-de-los-tastoanes-dentro-del-marco-de-tradicion-fiesta-y-fe-2018\/","title":{"rendered":"Arrancan las jugadas de los tastoanes dentro del marco de \u00abTradici\u00f3n Fiesta y Fe\u00bb 2018"},"content":{"rendered":"<p class=\"x_MsoNormal\" align=\"right\">Tonal\u00e1, Jalisco. 25 de julio de 2018.<\/p>\n<p class=\"x_MsoNormal\">\n<p class=\"x_MsoNormal\" align=\"center\"><b>ARRANCAN LAS JUGADAS DE LOS TASTOANES DENTRO DEL MARCO DE \u201cTRADICI\u00d3N, FIESTA Y FE\u201d 2018<\/b><\/p>\n<p class=\"x_MsoNormal\"><b>\u00a0<img fetchpriority=\"high\" decoding=\"async\" class=\"alignnone size-full wp-image-19207\" src=\"https:\/\/tonala.gob.mx\/portal\/wp-content\/uploads\/2018\/07\/BoletinTasto001.jpg\" alt=\"BoletinTasto001\" width=\"800\" height=\"445\" srcset=\"https:\/\/tonala.gob.mx\/portal\/wp-content\/uploads\/2018\/07\/BoletinTasto001.jpg 800w, https:\/\/tonala.gob.mx\/portal\/wp-content\/uploads\/2018\/07\/BoletinTasto001-300x167.jpg 300w, https:\/\/tonala.gob.mx\/portal\/wp-content\/uploads\/2018\/07\/BoletinTasto001-768x427.jpg 768w\" sizes=\"(max-width: 800px) 100vw, 800px\" \/><\/b><\/p>\n<p class=\"x_MsoNormal\">Esta ma\u00f1ana arranc\u00f3 uno de los eventos m\u00e1s esperados y emblem\u00e1ticos para los tonaltecas, la tradicional jugada de tastoanes,\u00a0\u00a0en la que anualmente participan ni\u00f1os, j\u00f3venes y adultos, las cuales simbolizan la recreaci\u00f3n de la hist\u00f3rica batalla del a\u00f1o 1530 entre los espa\u00f1oles de Nu\u00f1o Beltr\u00e1n de Guzm\u00e1n y los naturales de Tonal\u00e1.<\/p>\n<p class=\"x_MsoNormal\">\n<p class=\"x_MsoNormal\">La primera de \u00e9stas sucedi\u00f3 a las nueve de la ma\u00f1ana con el grupo infantil \u201cSanto Santiago Ap\u00f3stol\u201d en la Plaza Cihualpilli, donde el presidente municipal, Sergio Ch\u00e1vez D\u00e1valos, fue quien dio por inaugurado dicho evento.<\/p>\n<p class=\"x_MsoNormal\">\n<p class=\"x_MsoNormal\">La emoci\u00f3n se hizo presente al escuchar el sonido de la chirim\u00eda y el tambor, un sonido caracter\u00edstico para amenizar dichas corridas; posteriormente Santo Santiago azotaba con varas de \u00e1rboles de membrillo, mezquite o palo dulce en el cuerpo de los rebeldes de\u00a0\u00a0Zalatit\u00e1n, Coyula y\u00a0\u00a0Tetl\u00e1n, quienes desobedecieron la orden de la Reina Cihualpilli, de recibir a los visitantes espa\u00f1oles de manera pac\u00edfica.<\/p>\n<p>Como pre\u00e1mbulo al enfrentamiento, el tasto\u00e1n se mofa de la vestimenta y del aspecto del santo; en un momento determinado, el tasto\u00e1n solicita a los m\u00fasicos una melod\u00eda de su agrado para \u00abtener buen gusto y buen valor\u00bb, seg\u00fan sus palabras, y grita \u00abAixcaquema\u00bb que significa \u201cHasta tu muerte o la m\u00eda\u201d.<\/p>\n<p>La danza termina cuando son sometidos todos y cada uno de los tastoanes, tir\u00e1ndose en el piso a los pies de Santiago y de su fiel compa\u00f1ero la Perra.<\/p>\n<p>Otros personajes de esta escenificaci\u00f3n son: la Perra -compa\u00f1ero de Santiago-, Tasto\u00e1n Verdugo, Azn\u00e1s, Azmolote, Pitaloc, Tasto\u00e1n Mayor, Tasto\u00e1n Coyote, la Cihualpilli y los reyes que encarnan a los Tlatoanis tonaltecas.<\/p>\n<p class=\"x_MsoNormal\">En cada corrida participan m\u00e1s de cien tastoanes por grupo y las jugadas se llevan a cabo simult\u00e1neamente en la plaza Cihualpilli con estos grupos: 09:00 horas, jugada infantil, \u201cGrupo Santo Santiago Ap\u00f3stol\u201d, 12:00 horas, grupo \u201cMiguel Pila\u201d, 16:00 horas grupo \u201cRey Aguirre\u201d, 19:00 horas grupo \u201cSanto Ap\u00f3stol\u201d y en el cerro de la Reina, 09:00 horas jugada infantil grupo \u201cElvira Pila\u201d, 10:00 horas grupo \u201cRodolfo Pila\u201d, 12:00 horas jugada adultos, grupo \u201cElvira Pila\u201d, 14:00 horas jugada femenil \u201cLeticia Pila\u201d, 16:00 horas grupo \u201cJes\u00fas Delgado\u201d.<\/p>\n<p class=\"x_MsoNormal\">\n<p class=\"x_MsoNormal\">Cabe resaltar, que en\u00a0\u00a0el transcurso de este d\u00eda, se espera la asistencia\u00a0\u00a0de m\u00e1s de 05 mil personas que acuden a presenciar las tradicionales jugadas que se llevan a cabo en estos dos lugares.<\/p>\n","protected":false},"excerpt":{"rendered":"<p>Tonal\u00e1, Jalisco. 25 de julio de 2018. ARRANCAN LAS JUGADAS DE LOS TASTOANES DENTRO DEL MARCO DE \u201cTRADICI\u00d3N, FIESTA Y<\/p>\n","protected":false},"author":1,"featured_media":19207,"comment_status":"closed","ping_status":"open","sticky":false,"template":"","format":"standard","meta":{"colormag_page_container_layout":"default_layout","colormag_page_sidebar_layout":"default_layout","footnotes":""},"categories":[2],"tags":[],"class_list":["post-19206","post","type-post","status-publish","format-standard","has-post-thumbnail","hentry","category-comunicacion-social"],"_links":{"self":[{"href":"https:\/\/tonala.gob.mx\/portal\/wp-json\/wp\/v2\/posts\/19206","targetHints":{"allow":["GET"]}}],"collection":[{"href":"https:\/\/tonala.gob.mx\/portal\/wp-json\/wp\/v2\/posts"}],"about":[{"href":"https:\/\/tonala.gob.mx\/portal\/wp-json\/wp\/v2\/types\/post"}],"author":[{"embeddable":true,"href":"https:\/\/tonala.gob.mx\/portal\/wp-json\/wp\/v2\/users\/1"}],"replies":[{"embeddable":true,"href":"https:\/\/tonala.gob.mx\/portal\/wp-json\/wp\/v2\/comments?post=19206"}],"version-history":[{"count":1,"href":"https:\/\/tonala.gob.mx\/portal\/wp-json\/wp\/v2\/posts\/19206\/revisions"}],"predecessor-version":[{"id":19208,"href":"https:\/\/tonala.gob.mx\/portal\/wp-json\/wp\/v2\/posts\/19206\/revisions\/19208"}],"wp:featuredmedia":[{"embeddable":true,"href":"https:\/\/tonala.gob.mx\/portal\/wp-json\/wp\/v2\/media\/19207"}],"wp:attachment":[{"href":"https:\/\/tonala.gob.mx\/portal\/wp-json\/wp\/v2\/media?parent=19206"}],"wp:term":[{"taxonomy":"category","embeddable":true,"href":"https:\/\/tonala.gob.mx\/portal\/wp-json\/wp\/v2\/categories?post=19206"},{"taxonomy":"post_tag","embeddable":true,"href":"https:\/\/tonala.gob.mx\/portal\/wp-json\/wp\/v2\/tags?post=19206"}],"curies":[{"name":"wp","href":"https:\/\/api.w.org\/{rel}","templated":true}]}}