{"id":19203,"date":"2018-07-24T19:06:04","date_gmt":"2018-07-25T01:06:04","guid":{"rendered":"http:\/\/tonala.gob.mx\/portal\/?p=19203"},"modified":"2018-07-30T10:26:37","modified_gmt":"2018-07-30T16:26:37","slug":"se-inaugura-el-paseo-peatonal-turistico-guardianes-de-la-reina","status":"publish","type":"post","link":"https:\/\/tonala.gob.mx\/portal\/2018\/07\/24\/se-inaugura-el-paseo-peatonal-turistico-guardianes-de-la-reina\/","title":{"rendered":"Se inaugura el paseo peatonal tur\u00edstico Guardianes de la Reina"},"content":{"rendered":"<p class=\"x_MsoNormal\" align=\"right\">Tonal\u00e1, Jalisco. 24 de julio de 2018.<\/p>\n<p class=\"x_MsoNormal\" align=\"center\"><b>\u00a0<\/b><\/p>\n<p class=\"x_MsoNormal\" align=\"center\"><b>SE INAUGURA EL PASEO PEATONAL TUR\u00cdSTICO GUARDIANES DE LA REINA<\/b><\/p>\n<p class=\"x_MsoNormal\" align=\"center\"><b><img fetchpriority=\"high\" decoding=\"async\" class=\"alignnone size-full wp-image-19204\" src=\"https:\/\/tonala.gob.mx\/portal\/wp-content\/uploads\/2018\/07\/Boletin002.jpg\" alt=\"Boletin002\" width=\"800\" height=\"445\" srcset=\"https:\/\/tonala.gob.mx\/portal\/wp-content\/uploads\/2018\/07\/Boletin002.jpg 800w, https:\/\/tonala.gob.mx\/portal\/wp-content\/uploads\/2018\/07\/Boletin002-300x167.jpg 300w, https:\/\/tonala.gob.mx\/portal\/wp-content\/uploads\/2018\/07\/Boletin002-768x427.jpg 768w\" sizes=\"(max-width: 800px) 100vw, 800px\" \/>\u00a0<\/b><\/p>\n<p class=\"x_gmail-MsoListParagraph\">\u00b7\u00a0\u00a0\u00a0\u00a0\u00a0\u00a0\u00a0\u00a0\u00a0Inauguraci\u00f3n de m\u00e1scaras monumentales en Avenida Tonal\u00e1.<\/p>\n<p class=\"x_MsoNormal\">\n<p class=\"x_MsoNormal\">Hoy es un d\u00eda emblem\u00e1tico en la historia de Tonal\u00e1;\u00a0\u00a0esta tarde, fue inaugurado uno de los proyectos m\u00e1s importantes en la Administraci\u00f3n encabezada por el presidente municipal, Sergio Ch\u00e1vez D\u00e1valos, el \u201cPaseo Peatonal Tur\u00edstico Guardianes de la Reina\u201d, mismo que proyecta convertir a Tonal\u00e1 en un motor destacado del turismo, por ser un municipio con un potencial hist\u00f3rico, cultural y artesanal importante dentro de la Zona Metropolitana de Guadalajara.<\/p>\n<p class=\"x_MsoNormal\"><i>\u00a0<\/i><\/p>\n<p class=\"x_MsoNormal\">Este es un paseo ic\u00f3nico, cuyo concepto creativo est\u00e1 basado en las t\u00e9cnicas artesanales m\u00e1s representativas del municipio y la exposici\u00f3n de una galer\u00eda urbana que exhibir\u00e1 el orgullo tonalteca. El nombre de \u201cLos Guardines\u201d se debe a que estos son representantes de los cuatro elementos de la naturaleza, nahuales protectores de la ciudad, quienes dar\u00e1n la bienvenida al visitante.<\/p>\n<p class=\"x_MsoNormal\">En su momento, el alcalde Ch\u00e1vez D\u00e1valos, expres\u00f3:\u00a0<i>\u201cHoy\u00a0\u00a0inauguramos y ponemos a disposici\u00f3n de la sociedad tonalteca esta importante obra escult\u00f3rica \u2018Paseo Guardianes de la Reina\u2019, que para este gobierno municipal representa uno de sus mayores logros, una etapa m\u00e1s del gran esfuerzo de todos y promovido para ofrecer un nuevo rostro a la imagen de nuestro Centro Hist\u00f3rico, con la renovaci\u00f3n de la infraestructura de las Avenidas Tonaltecas y Tonal\u00e1; un desarrollo que nos permitir\u00e1 apuntalar a\u00fan m\u00e1s, el vocacionamiento tur\u00edstico, artesanal y cultural de nuestro municipio en la entidad, generando\u00a0\u00a0un nuevo polo de difusi\u00f3n de la cultura\u201d<\/i>.<\/p>\n<p class=\"x_MsoNormal\">Agreg\u00f3:\u00a0<i>\u201cEn la presente Administraci\u00f3n municipal, hemos\u00a0\u00a0impulsando diversas acciones que han contribuido a fortalecer la infraestructura de Tonal\u00e1 y gracias al valioso apoyo del Gobernador del Estado, Maestro Jorge Arist\u00f3teles Sandoval D\u00edaz, hoy esta obra es una realidad\u201d<\/i>.<\/p>\n<p class=\"x_MsoNormal\">El presidente municipal, Sergio Ch\u00e1vez, tambi\u00e9n agradeci\u00f3 el apoyo y colaboraci\u00f3n del Comit\u00e9 T\u00e9cnico del Fideicomiso de Turismo de la Zona Metropolitana de Guadalajara, para destinar el recurso financiero que permiti\u00f3\u00a0\u00a0la realizaci\u00f3n de esta obra.<\/p>\n<p class=\"x_MsoNormal\"><i>\u201cComo nos lo propusimos al inicio de la presente Administraci\u00f3n; cumplimos significativamente con el mejoramiento de la imagen de nuestro Centro Hist\u00f3rico; hoy tenemos lista la calle La Paz con su \u201cSala de la Muerte y sus Expresiones\u201d y la calle Pino Su\u00e1rez con la \u201cSala Santo Santiago Arte Sacro\u201d, demostrando una vez m\u00e1s que trabajando unidos el gobierno y la ciudadan\u00eda, podemos obtener grandes resultados y fortalecer la vocaci\u00f3n tur\u00edstica de nuestro municipio\u201d<\/i>.<\/p>\n<p class=\"x_MsoNormal\">En el corredor se encuentran cuatro gigantes guardianes que representan los elementos: tierra, agua, viento y fuego; 29 obras de arte de las cuales son 13 piezas artesanales que imitan diferentes t\u00e9cnicas, 13 obras de escultura con diferentes terminados, 02 maquetas interactivas bajo relieve con m\u00e1s de 170 piezas miniatura, 01 f\u00f3sil mineral de la era mesozoica y 25 bancas art\u00edsticas. Las\u00a0\u00a0artesan\u00edas y esculturas monumentales est\u00e1n inspiradas en la historia del M\u00e9xico antiguo y la cultura tonalteca; un municipio artesanal que ha plasmado en sus vasijas, personajes mitol\u00f3gicos y enigm\u00e1ticos como los nahuales.<\/p>\n<p class=\"x_MsoNormal\">Cada una de las esculturas cuenta con una placa informativa de las propias piezas,\u00a0\u00a0as\u00ed como un C\u00f3digo QR que permitir\u00e1\u00a0\u00a0acceder a interesantes videos y una explicaci\u00f3n m\u00e1s detallada de cada obra y del artista que la realiz\u00f3.<\/p>\n<p class=\"x_MsoNormal\">El Paseo Guardianes de la Reina, tambi\u00e9n contempla una explanada en la Avenida Tonal\u00e1 en su cruce con las calles Francisco I. Madero y Cruz Blanca, que se utilizar\u00e1 como centro de espect\u00e1culos.<\/p>\n<p class=\"x_MsoNormal\">Es importante mencionar que gracias a la contribuci\u00f3n de 10 millones de pesos del Fideicomiso de Turismo\u00a0\u00a0de la Zona Metropolitana de Guadalajara, en conjunto con el Gobierno de Tonal\u00e1,\u00a0\u00a0\u00a0se pudo llevar a cabo la realizaci\u00f3n de este proyecto con el que se adquirieron\u00a0\u00a0las piezas artesanales\u00a0\u00a0de diferentes t\u00e9cnicas\u00a0\u00a0as\u00ed como\u00a0\u00a0la iluminaci\u00f3n de las mismas.<\/p>\n<p class=\"x_MsoNormal\">\n<p class=\"x_MsoNormal\">\n<p class=\"x_MsoNormal\" align=\"center\"><b>SE INAUGURA\u00a0\u00a0GALER\u00cdA URBANA DE M\u00c1SCARAS MONUMENTALES EN AVENIDA TONAL\u00c1<\/b><\/p>\n<p class=\"x_MsoNormal\"><b>\u00a0<\/b><\/p>\n<p class=\"x_MsoNormal\">Posterior a la inauguraci\u00f3n del Paseo Guardianes de la Reina, el presidente municipal, Sergio Ch\u00e1vez D\u00e1valos, cort\u00f3 el list\u00f3n de la galer\u00eda urbana con m\u00e1scaras de tastoan en gran formato denominada \u201cAixcaquema\u201d, la cual consta de 15 mascaras elaboradas en fibra de vidrio basadas en las t\u00e9cnicas artesanales m\u00e1s representativas del municipio, que estar\u00e1n expuestas hasta el 25 de julio.<\/p>\n<p class=\"x_MsoNormal\">El proyecto \u201cAixcaquema\u201d que significa \u201cHasta tu muerte o la m\u00eda\u201d, tiene estos cuatro\u00a0<span lang=\"ES-TRAD\">objetivos particulares: revalorar la identidad cultural, adem\u00e1s ser una galer\u00eda apta para todas las edades, inculcar y promover estas tradiciones a las nuevas generaciones, generar visitantes e impulsar el comercio.<\/span><\/p>\n","protected":false},"excerpt":{"rendered":"<p>Tonal\u00e1, Jalisco. 24 de julio de 2018. \u00a0 SE INAUGURA EL PASEO PEATONAL TUR\u00cdSTICO GUARDIANES DE LA REINA \u00a0 \u00b7\u00a0\u00a0\u00a0\u00a0\u00a0\u00a0\u00a0\u00a0\u00a0Inauguraci\u00f3n<\/p>\n","protected":false},"author":1,"featured_media":19204,"comment_status":"closed","ping_status":"open","sticky":false,"template":"","format":"standard","meta":{"colormag_page_container_layout":"default_layout","colormag_page_sidebar_layout":"default_layout","footnotes":""},"categories":[2],"tags":[],"class_list":["post-19203","post","type-post","status-publish","format-standard","has-post-thumbnail","hentry","category-comunicacion-social"],"_links":{"self":[{"href":"https:\/\/tonala.gob.mx\/portal\/wp-json\/wp\/v2\/posts\/19203","targetHints":{"allow":["GET"]}}],"collection":[{"href":"https:\/\/tonala.gob.mx\/portal\/wp-json\/wp\/v2\/posts"}],"about":[{"href":"https:\/\/tonala.gob.mx\/portal\/wp-json\/wp\/v2\/types\/post"}],"author":[{"embeddable":true,"href":"https:\/\/tonala.gob.mx\/portal\/wp-json\/wp\/v2\/users\/1"}],"replies":[{"embeddable":true,"href":"https:\/\/tonala.gob.mx\/portal\/wp-json\/wp\/v2\/comments?post=19203"}],"version-history":[{"count":1,"href":"https:\/\/tonala.gob.mx\/portal\/wp-json\/wp\/v2\/posts\/19203\/revisions"}],"predecessor-version":[{"id":19205,"href":"https:\/\/tonala.gob.mx\/portal\/wp-json\/wp\/v2\/posts\/19203\/revisions\/19205"}],"wp:featuredmedia":[{"embeddable":true,"href":"https:\/\/tonala.gob.mx\/portal\/wp-json\/wp\/v2\/media\/19204"}],"wp:attachment":[{"href":"https:\/\/tonala.gob.mx\/portal\/wp-json\/wp\/v2\/media?parent=19203"}],"wp:term":[{"taxonomy":"category","embeddable":true,"href":"https:\/\/tonala.gob.mx\/portal\/wp-json\/wp\/v2\/categories?post=19203"},{"taxonomy":"post_tag","embeddable":true,"href":"https:\/\/tonala.gob.mx\/portal\/wp-json\/wp\/v2\/tags?post=19203"}],"curies":[{"name":"wp","href":"https:\/\/api.w.org\/{rel}","templated":true}]}}