{"id":19199,"date":"2018-07-23T18:03:59","date_gmt":"2018-07-24T00:03:59","guid":{"rendered":"http:\/\/tonala.gob.mx\/portal\/?p=19199"},"modified":"2018-07-30T10:05:46","modified_gmt":"2018-07-30T16:05:46","slug":"19199","status":"publish","type":"post","link":"https:\/\/tonala.gob.mx\/portal\/2018\/07\/23\/19199\/","title":{"rendered":"Por primera vez en Tonal\u00e1 se realiza expo venta artesanal \u00abTradici\u00f3n, Fiesta y Fe\u00bb"},"content":{"rendered":"<p class=\"x_MsoNormal\" align=\"right\">Tonal\u00e1, Jalisco. 23 de julio de 2018.<\/p>\n<p class=\"x_MsoNormal\" align=\"center\"><b>POR PRIMERA VEZ EN TONAL\u00c1 SE REALIZA EXPO VENTA ARTESANAL<\/b><\/p>\n<p class=\"x_MsoNormal\" align=\"center\"><b>\u201cTRADICI\u00d3N, FIESTA Y FE\u201d<\/b><\/p>\n<p class=\"x_MsoNormal\"><img fetchpriority=\"high\" decoding=\"async\" class=\"alignnone size-full wp-image-19200\" src=\"https:\/\/tonala.gob.mx\/portal\/wp-content\/uploads\/2018\/07\/Boletin001.jpg\" alt=\"Boletin001\" width=\"800\" height=\"445\" srcset=\"https:\/\/tonala.gob.mx\/portal\/wp-content\/uploads\/2018\/07\/Boletin001.jpg 800w, https:\/\/tonala.gob.mx\/portal\/wp-content\/uploads\/2018\/07\/Boletin001-300x167.jpg 300w, https:\/\/tonala.gob.mx\/portal\/wp-content\/uploads\/2018\/07\/Boletin001-768x427.jpg 768w\" sizes=\"(max-width: 800px) 100vw, 800px\" \/><\/p>\n<p class=\"x_MsoNormal\">En el marco de los festejos \u201cTradici\u00f3n, Fiesta y Fe\u201d 2018, el Gobierno de Tonal\u00e1 realiza la primera Expo Venta Artesanal, con artesanos reconocidos que trabajan diferentes t\u00e9cnicas de barro, la cual estar\u00e1 del 23 al 27 de julio de 09:30 a las 14:30 horas en el patio Miguel Hidalgo de la presidencia municipal.<\/p>\n<p class=\"x_MsoNormal\">La finalidad de esta exhibici\u00f3n es que se conozcan las diferentes t\u00e9cnicas con las que se trabaja el barro en el municipio alfarero y mismas obras que est\u00e1n a la venta con precios accesibles al igual que obras de galer\u00eda.<\/p>\n<p class=\"x_MsoNormal\">Los Artistas Tonaltecas que presentan sus obras son:\u00a0<a name=\"x__GoBack\"><\/a>Jos\u00e9 Luis Cortez Hern\u00e1ndez (Barro Bru\u00f1ido), Ubaldo Mac\u00edas Bernab\u00e9 (Barro Policromado), Ger\u00f3nimo Ramos Flores (Barro Petatillo), Rafael L\u00f3pez D\u00edaz (Barro Policromado), Jos\u00e9 Luis Flores Mart\u00ednez (Barro Canelo), Pablo Pajarito Fajardo (Barro\u00a0\u00a0Canelo), Jes\u00fas Delgado Navarro (Barro Policromado), Mar\u00eda Del Rosario Jim\u00f3n Barba (Barro Bandera), Jes\u00fas Gabriel Preciado (Animales En Papel Mach\u00e9), Mar\u00eda Carmelita Melchor Jim\u00f3n (Catrinas En Papel Mach\u00e9), Juan Jos\u00e9 Ramos Medrano (Barro Betus), Gustavo Ortega Montelongo (Barro Betus).<\/p>\n","protected":false},"excerpt":{"rendered":"<p>Tonal\u00e1, Jalisco. 23 de julio de 2018. POR PRIMERA VEZ EN TONAL\u00c1 SE REALIZA EXPO VENTA ARTESANAL \u201cTRADICI\u00d3N, FIESTA Y<\/p>\n","protected":false},"author":1,"featured_media":19200,"comment_status":"closed","ping_status":"open","sticky":false,"template":"","format":"standard","meta":{"colormag_page_container_layout":"default_layout","colormag_page_sidebar_layout":"default_layout","footnotes":""},"categories":[2],"tags":[],"class_list":["post-19199","post","type-post","status-publish","format-standard","has-post-thumbnail","hentry","category-comunicacion-social"],"_links":{"self":[{"href":"https:\/\/tonala.gob.mx\/portal\/wp-json\/wp\/v2\/posts\/19199","targetHints":{"allow":["GET"]}}],"collection":[{"href":"https:\/\/tonala.gob.mx\/portal\/wp-json\/wp\/v2\/posts"}],"about":[{"href":"https:\/\/tonala.gob.mx\/portal\/wp-json\/wp\/v2\/types\/post"}],"author":[{"embeddable":true,"href":"https:\/\/tonala.gob.mx\/portal\/wp-json\/wp\/v2\/users\/1"}],"replies":[{"embeddable":true,"href":"https:\/\/tonala.gob.mx\/portal\/wp-json\/wp\/v2\/comments?post=19199"}],"version-history":[{"count":2,"href":"https:\/\/tonala.gob.mx\/portal\/wp-json\/wp\/v2\/posts\/19199\/revisions"}],"predecessor-version":[{"id":19202,"href":"https:\/\/tonala.gob.mx\/portal\/wp-json\/wp\/v2\/posts\/19199\/revisions\/19202"}],"wp:featuredmedia":[{"embeddable":true,"href":"https:\/\/tonala.gob.mx\/portal\/wp-json\/wp\/v2\/media\/19200"}],"wp:attachment":[{"href":"https:\/\/tonala.gob.mx\/portal\/wp-json\/wp\/v2\/media?parent=19199"}],"wp:term":[{"taxonomy":"category","embeddable":true,"href":"https:\/\/tonala.gob.mx\/portal\/wp-json\/wp\/v2\/categories?post=19199"},{"taxonomy":"post_tag","embeddable":true,"href":"https:\/\/tonala.gob.mx\/portal\/wp-json\/wp\/v2\/tags?post=19199"}],"curies":[{"name":"wp","href":"https:\/\/api.w.org\/{rel}","templated":true}]}}