{"id":14335,"date":"2017-11-22T16:36:23","date_gmt":"2017-11-22T22:36:23","guid":{"rendered":"http:\/\/tonala.gob.mx\/portal\/?p=14335"},"modified":"2017-11-24T12:42:17","modified_gmt":"2017-11-24T18:42:17","slug":"inauguran-en-tonala-obras-para-educacion-por-mas-de-17-millones","status":"publish","type":"post","link":"https:\/\/tonala.gob.mx\/portal\/2017\/11\/22\/inauguran-en-tonala-obras-para-educacion-por-mas-de-17-millones\/","title":{"rendered":"Inauguran en Tonal\u00e1 obras para educaci\u00f3n por mas de 17 millones"},"content":{"rendered":"<p style=\"text-align: right;\">Tonal\u00e1, Jalisco. 22 de noviembre de 2017.<\/p>\n<p><b>INAUGURAN EN TONAL\u00c1 OBRAS PARA\u00a0<\/b><b>EDUCACI\u00d3N<\/b><b>\u00a0POR MAS \u00a0DE 17 MILLONES<\/b><\/p>\n<p><img fetchpriority=\"high\" decoding=\"async\" class=\"alignnone size-full wp-image-14336\" src=\"https:\/\/tonala.gob.mx\/portal\/wp-content\/uploads\/2017\/11\/EduBoletin002.jpg\" alt=\"EduBoletin002\" width=\"800\" height=\"445\" srcset=\"https:\/\/tonala.gob.mx\/portal\/wp-content\/uploads\/2017\/11\/EduBoletin002.jpg 800w, https:\/\/tonala.gob.mx\/portal\/wp-content\/uploads\/2017\/11\/EduBoletin002-300x167.jpg 300w, https:\/\/tonala.gob.mx\/portal\/wp-content\/uploads\/2017\/11\/EduBoletin002-768x427.jpg 768w\" sizes=\"(max-width: 800px) 100vw, 800px\" \/><\/p>\n<h3>Hoy es un d\u00eda importante para la \u00a0historia en la educaci\u00f3n del municipio de Tonal\u00e1 porqu\u00e9 esta ma\u00f1ana el presidente municipal, Sergio Ch\u00e1vez D\u00e1valos y el Secretario de Educaci\u00f3n Jalisco,\u00a0<a href=\"https:\/\/www.google.com.mx\/url?sa=t&amp;rct=j&amp;q=&amp;esrc=s&amp;source=web&amp;cd=3&amp;cad=rja&amp;uact=8&amp;ved=0ahUKEwjzuM7G_NLXAhUl54MKHWbmAz0QFggzMAI&amp;url=https%3A%2F%2Finfo.jalisco.gob.mx%2Fgobierno%2Forganigrama%2F824&amp;usg=AOvVaw3N9F8pQypDBrhkkiXFmaKq\" target=\"_blank\" rel=\"noopener noreferrer\">Francisco de Jes\u00fas Ay\u00f3n L\u00f3pez<\/a>, realizaron una gira de trabajo en la que \u00a0inauguraron\u00a0 tres\u00a0 planteles escolares y entregaron pintura e impermeabilizante para varias escuelas, esto con una inversi\u00f3n de m\u00e1s de 17 millones de pesos.<\/h3>\n<h3><\/h3>\n<h3>A las 11:00 horas,\u00a0con la asistencia de los alumnos y padres de familia\u00a0 del Jard\u00edn de ni\u00f1os, \u201cXochicalli\u201d, inicio la jornada de trabajo del presidente municipal y del secretario de educaci\u00f3n Jalisco; y es que por fin despu\u00e9s de tantos a\u00f1os de espera se sustituyeron\u00a0 04 aulas provisionales con una inversi\u00f3n de 01 mill\u00f3n 829 mil 029 pesos.<\/h3>\n<h3><\/h3>\n<h3>Al respecto, Ch\u00e1vez D\u00e1valos, agradeci\u00f3 al Gobierno del Estado de Jalisco por esta gran inversi\u00f3n que le hacen al municipio, ya que la mayor preocupaci\u00f3n del los tres niveles de gobierno es dejar una mejor infraestructura educativa a los tonaltecas.<\/h3>\n<h3><\/h3>\n<h3>Posteriormente, acudieron a la inauguraci\u00f3n de la nueva primaria, Marco Aurelio Carballo L\u00f3pez del fraccionamiento Colinas de Tonal\u00e1, misma que contempla 06 aulas construidas, n\u00facleo de servicios sanitarios, direcci\u00f3n con anexo, bodega y escalera, donde el gobierno del estado invierte 06 millones 953 mil 128 pesos.<\/h3>\n<h3><\/h3>\n<h3>En su momento el primer edil, expres\u00f3:\u00a0<i>\u201cGracias Francisco Ay\u00f3n por tu compromiso y por poner a Tonal\u00e1 en alto en el tema educativo, somos en educaci\u00f3n media superior el municipio que m\u00e1s creci\u00f3 de todo el pa\u00eds en los \u00faltimos 04 a\u00f1os, hoy se entregan 04 mil 500 cubetas de impermeabilizante y pintura para un buen n\u00famero de planteles escolares de todo el municipio y eso no es todo estamos ya trabajando para\u00a0 que el pr\u00f3ximo 2018 se construya aqu\u00ed a un costado de esta primaria una nueva\u00a0 secundaria\u201d.<\/i><\/h3>\n<h3><\/h3>\n<h3>En su intervenci\u00f3n el Secretario de Educaci\u00f3n Jalisco, Ay\u00f3n L\u00f3pez, dijo:<i>\u00a0\u201cHoy es un compromiso cumplido por parte del gobernador Arist\u00f3teles Sandoval con esta regi\u00f3n y como un d\u00eda nos comprometimos a construir el preescolar y primaria en esta colonia, \u00a0ahora reitero que aqu\u00ed a espaldas de este plantel se construir\u00e1 una escuela secundaria 2018\u201d.<\/i><\/h3>\n<h3><\/h3>\n<h3>Por \u00faltimo, los funcionarios acudieron a inaugurar el preescolar Rodolfo Neri Vela,\u00a0 en la misma colonia, en el que se invirtieron 05 millones 158 mil pesos para edificar 03 aulas normales, 01 aula de usos m\u00faltiples, n\u00facleo de servicios sanitarios, direcci\u00f3n, bodega y patio.<\/h3>\n","protected":false},"excerpt":{"rendered":"<p>Tonal\u00e1, Jalisco. 22 de noviembre de 2017. INAUGURAN EN TONAL\u00c1 OBRAS PARA\u00a0EDUCACI\u00d3N\u00a0POR MAS \u00a0DE 17 MILLONES Hoy es un d\u00eda<\/p>\n","protected":false},"author":1,"featured_media":14337,"comment_status":"closed","ping_status":"open","sticky":false,"template":"","format":"standard","meta":{"colormag_page_container_layout":"default_layout","colormag_page_sidebar_layout":"default_layout","footnotes":""},"categories":[2],"tags":[],"class_list":["post-14335","post","type-post","status-publish","format-standard","has-post-thumbnail","hentry","category-comunicacion-social"],"_links":{"self":[{"href":"https:\/\/tonala.gob.mx\/portal\/wp-json\/wp\/v2\/posts\/14335","targetHints":{"allow":["GET"]}}],"collection":[{"href":"https:\/\/tonala.gob.mx\/portal\/wp-json\/wp\/v2\/posts"}],"about":[{"href":"https:\/\/tonala.gob.mx\/portal\/wp-json\/wp\/v2\/types\/post"}],"author":[{"embeddable":true,"href":"https:\/\/tonala.gob.mx\/portal\/wp-json\/wp\/v2\/users\/1"}],"replies":[{"embeddable":true,"href":"https:\/\/tonala.gob.mx\/portal\/wp-json\/wp\/v2\/comments?post=14335"}],"version-history":[{"count":1,"href":"https:\/\/tonala.gob.mx\/portal\/wp-json\/wp\/v2\/posts\/14335\/revisions"}],"predecessor-version":[{"id":14338,"href":"https:\/\/tonala.gob.mx\/portal\/wp-json\/wp\/v2\/posts\/14335\/revisions\/14338"}],"wp:featuredmedia":[{"embeddable":true,"href":"https:\/\/tonala.gob.mx\/portal\/wp-json\/wp\/v2\/media\/14337"}],"wp:attachment":[{"href":"https:\/\/tonala.gob.mx\/portal\/wp-json\/wp\/v2\/media?parent=14335"}],"wp:term":[{"taxonomy":"category","embeddable":true,"href":"https:\/\/tonala.gob.mx\/portal\/wp-json\/wp\/v2\/categories?post=14335"},{"taxonomy":"post_tag","embeddable":true,"href":"https:\/\/tonala.gob.mx\/portal\/wp-json\/wp\/v2\/tags?post=14335"}],"curies":[{"name":"wp","href":"https:\/\/api.w.org\/{rel}","templated":true}]}}