{"id":14266,"date":"2017-11-20T14:56:07","date_gmt":"2017-11-20T20:56:07","guid":{"rendered":"http:\/\/tonala.gob.mx\/portal\/?p=14266"},"modified":"2017-11-21T11:00:33","modified_gmt":"2017-11-21T17:00:33","slug":"conmemoran-el-cvii-aniversario-de-la-revolucion-mexicana","status":"publish","type":"post","link":"https:\/\/tonala.gob.mx\/portal\/2017\/11\/20\/conmemoran-el-cvii-aniversario-de-la-revolucion-mexicana\/","title":{"rendered":"Conmemoran el CVII Aniversario de la Revoluci\u00f3n Mexicana"},"content":{"rendered":"<p class=\"x_MsoNormal\" align=\"right\">Tonal\u00e1, Jalisco. 20 de noviembre de 2017.<\/p>\n<p class=\"x_MsoNormal\" align=\"right\">\n<div class=\"x_gmail_default\"><b><\/b><\/div>\n<p style=\"text-align: center;\"><strong>\u00a0CONMEMORAN\u00a0EL CVII ANIVERSARIO DE LA REVOLUCI\u00d3N MEXICANA<\/strong><\/p>\n<p><img fetchpriority=\"high\" decoding=\"async\" class=\"alignnone size-full wp-image-14269\" src=\"https:\/\/tonala.gob.mx\/portal\/wp-content\/uploads\/2017\/11\/RevolucionBoletin001.jpg\" alt=\"RevolucionBoletin001\" width=\"800\" height=\"445\" srcset=\"https:\/\/tonala.gob.mx\/portal\/wp-content\/uploads\/2017\/11\/RevolucionBoletin001.jpg 800w, https:\/\/tonala.gob.mx\/portal\/wp-content\/uploads\/2017\/11\/RevolucionBoletin001-300x167.jpg 300w, https:\/\/tonala.gob.mx\/portal\/wp-content\/uploads\/2017\/11\/RevolucionBoletin001-768x427.jpg 768w\" sizes=\"(max-width: 800px) 100vw, 800px\" \/><\/p>\n<p class=\"x_MsoNormal\" align=\"center\"><b>\u00a0<\/b><\/p>\n<ul type=\"disc\">\n<li class=\"x_MsoNormal\">M\u00e1s de 05 mil personas presencian el Desfile C\u00edvico, Deportivo y Militar<\/li>\n<\/ul>\n<p class=\"x_MsoNormal\">\n<p class=\"x_MsoNormal\">Tonal\u00e1 vive un profundo proceso de transformaci\u00f3n, que no ha partido de cero, los cambios que se est\u00e1n logrando han partido de la base institucional legada por\u00a0 generaciones antecesoras, \u00a0con las que \u00a0se han creado amplios sistemas de educaci\u00f3n, salud y seguridad social, afirm\u00f3 Enrique Guzm\u00e1n Loza, secretario general del Ayuntamiento. Orador oficial<\/p>\n<p class=\"x_MsoNormal\">con motivo del CVII Aniversario del inicio de la Revoluci\u00f3n Mexicana.<\/p>\n<p class=\"x_MsoNormal\">\n<p class=\"x_MsoNormal\">En el evento c\u00edvico, celebrado en la plazoleta alusiva a la fecha conmemorativa (ubicada en Loma Dorada) en donde tambi\u00e9n se llevaron a cabo honores a la Bandera Mexicana \u00a0encabezados por el presidente municipal, Sergio Ch\u00e1vez D\u00e1valos, as\u00ed como regidores y funcionarios del Ayuntamiento; \u00a0el secretario general agreg\u00f3 que ese es, justamente, el camino que eligieron los mexicanos, el de construir el porvenir a partir de la ley y las instituciones.<\/p>\n<p class=\"x_MsoNormal\">\n<p class=\"x_MsoNormal\"><i>\u201cEn esta administraci\u00f3n hemos construido infraestructura a lo largo y ancho del\u00a0\u00a0\u00a0 Municipio, para detonar su progreso. Somos una sociedad con ideales y valores forjados en el transcurso de nuestra\u00a0\u00a0\u00a0\u00a0 historia. Inspirados en el ideario social de la Revoluci\u00f3n y en su esp\u00edritu de cambio, en este Gobierno hemos emprendido un profundo proceso de transformaci\u00f3n, para sentar\u00a0\u00a0 las bases de un gobierno ordenado y que cumpla con lo establecido en el art\u00edculo\u00a0 115 Constitucional\u201d.<\/i><\/p>\n<p class=\"x_MsoNormal\">\n<p class=\"x_MsoNormal\">Guzm\u00e1n Loza, agreg\u00f3 que el compromiso, ahora, es entregar a los tonaltecas una base institucional a\u00fan m\u00e1s s\u00f3lida y moderna; es decir, una plataforma para el M\u00e9xico del Siglo XXI \u201cen esta Administraci\u00f3n, estamos derribando barreras y obst\u00e1culos para que cada\u00a0\u00a0\u00a0 tonalteca s\u00ed pueda desarrollar sus capacidades y cumplir las metas que se proponga. De eso se trata la justicia social en nuestro tiempo, de crear las condiciones para\u00a0 que todo mexicano goce de una efectiva igualdad de oportunidades y, a partir de\u00a0 ella, pueda escribir su propia historia de \u00e9xito\u201d.<\/p>\n<p class=\"x_MsoNormal\">\n<p class=\"x_MsoNormal\">El secretario general record\u00f3 a los l\u00edderes que iniciaron el movimiento armado hace 107 a\u00f1os, convocado por Francisco I. Madero \u00a0a favor de la libertad, la justicia y la democracia, as\u00ed como a Emiliano Zapata y a su infatigable lucha por la tierra y la dignidad\u00a0 de los campesinos; a Francisco Villa y su compromiso con la justicia social; as\u00ed\u00a0\u00a0 como a Venustiano Carranza y su firme defensa del orden constitucional.<\/p>\n<p class=\"x_MsoNormal\">\n<p class=\"x_MsoNormal\">Posteriormente el presidente municipal, Sergio Ch\u00e1vez D\u00e1valos, se dirigi\u00f3 al Palacio Municipal donde dio la autorizaci\u00f3n para que iniciara el desfile C\u00edvico-Militar en conmemoraci\u00f3n del CVII aniversario de la Revoluci\u00f3n Mexicana, en donde participaron 25 contingentes de \u00a0instituciones municipales; educativas de niveles primaria, secundaria y media superior, militares y deportivas, entre otras.<\/p>\n<p class=\"x_MsoNormal\">\n<div class=\"x_gmail_default\">De acuerdo a datos proporcionados por la Direcci\u00f3n de Protecci\u00f3n Civil y Bomberos Tonal\u00e1, alrededor de cinco mil personas asistieron a presenciar dicho desfile, mismas que se distribuyeron en\u00a0\u00a0las calles por donde el contingente realiz\u00f3 el trayecto.<\/div>\n<div class=\"x_gmail_default\"><\/div>\n","protected":false},"excerpt":{"rendered":"<p>Tonal\u00e1, Jalisco. 20 de noviembre de 2017. \u00a0CONMEMORAN\u00a0EL CVII ANIVERSARIO DE LA REVOLUCI\u00d3N MEXICANA \u00a0 M\u00e1s de 05 mil personas<\/p>\n","protected":false},"author":1,"featured_media":14270,"comment_status":"closed","ping_status":"open","sticky":false,"template":"","format":"standard","meta":{"colormag_page_container_layout":"default_layout","colormag_page_sidebar_layout":"default_layout","footnotes":""},"categories":[2],"tags":[],"class_list":["post-14266","post","type-post","status-publish","format-standard","has-post-thumbnail","hentry","category-comunicacion-social"],"_links":{"self":[{"href":"https:\/\/tonala.gob.mx\/portal\/wp-json\/wp\/v2\/posts\/14266","targetHints":{"allow":["GET"]}}],"collection":[{"href":"https:\/\/tonala.gob.mx\/portal\/wp-json\/wp\/v2\/posts"}],"about":[{"href":"https:\/\/tonala.gob.mx\/portal\/wp-json\/wp\/v2\/types\/post"}],"author":[{"embeddable":true,"href":"https:\/\/tonala.gob.mx\/portal\/wp-json\/wp\/v2\/users\/1"}],"replies":[{"embeddable":true,"href":"https:\/\/tonala.gob.mx\/portal\/wp-json\/wp\/v2\/comments?post=14266"}],"version-history":[{"count":1,"href":"https:\/\/tonala.gob.mx\/portal\/wp-json\/wp\/v2\/posts\/14266\/revisions"}],"predecessor-version":[{"id":14271,"href":"https:\/\/tonala.gob.mx\/portal\/wp-json\/wp\/v2\/posts\/14266\/revisions\/14271"}],"wp:featuredmedia":[{"embeddable":true,"href":"https:\/\/tonala.gob.mx\/portal\/wp-json\/wp\/v2\/media\/14270"}],"wp:attachment":[{"href":"https:\/\/tonala.gob.mx\/portal\/wp-json\/wp\/v2\/media?parent=14266"}],"wp:term":[{"taxonomy":"category","embeddable":true,"href":"https:\/\/tonala.gob.mx\/portal\/wp-json\/wp\/v2\/categories?post=14266"},{"taxonomy":"post_tag","embeddable":true,"href":"https:\/\/tonala.gob.mx\/portal\/wp-json\/wp\/v2\/tags?post=14266"}],"curies":[{"name":"wp","href":"https:\/\/api.w.org\/{rel}","templated":true}]}}