{"id":14165,"date":"2017-11-10T13:22:39","date_gmt":"2017-11-10T19:22:39","guid":{"rendered":"http:\/\/tonala.gob.mx\/portal\/?p=14165"},"modified":"2017-11-10T13:22:39","modified_gmt":"2017-11-10T19:22:39","slug":"se-realizara-segunda-feria-del-empleo-y-educacion-en-la-colonia-jalisco","status":"publish","type":"post","link":"https:\/\/tonala.gob.mx\/portal\/2017\/11\/10\/se-realizara-segunda-feria-del-empleo-y-educacion-en-la-colonia-jalisco\/","title":{"rendered":"Se realizar\u00e1 segunda feria del empleo y educaci\u00f3n en la Colonia Jalisco"},"content":{"rendered":"<div class=\"x_gmail_default\">\n<p class=\"x_MsoNormal\" align=\"right\">Tonal\u00e1, Jalisco.\u00a0 09 de noviembre de 2017.<\/p>\n<p class=\"x_MsoNormal\" align=\"right\">\n<p class=\"x_MsoNormal\" align=\"center\"><b>SE REALIZAR\u00c1 SEGUNDA FERIA DEL EMPLEO Y EDUCACI\u00d3N EN LA COLONIA JALISCO<\/b><\/p>\n<p class=\"x_MsoNormal\" align=\"center\"><b><img fetchpriority=\"high\" decoding=\"async\" class=\"alignnone size-full wp-image-14166\" src=\"https:\/\/tonala.gob.mx\/portal\/wp-content\/uploads\/2017\/11\/Feria_Boletin001.jpg\" alt=\"Feria_Boletin001\" width=\"800\" height=\"445\" srcset=\"https:\/\/tonala.gob.mx\/portal\/wp-content\/uploads\/2017\/11\/Feria_Boletin001.jpg 800w, https:\/\/tonala.gob.mx\/portal\/wp-content\/uploads\/2017\/11\/Feria_Boletin001-300x167.jpg 300w, https:\/\/tonala.gob.mx\/portal\/wp-content\/uploads\/2017\/11\/Feria_Boletin001-768x427.jpg 768w\" sizes=\"(max-width: 800px) 100vw, 800px\" \/>\u00a0<\/b><\/p>\n<p class=\"x_MsoNormal\" style=\"text-align: left;\" align=\"center\"><b><img decoding=\"async\" class=\"aligncenter\" src=\"data:image\/png;base64,iVBORw0KGgoAAAANSUhEUgAAATcAAAASCAYAAAA+NJkDAAAAnElEQVR4Xu3UAREAAAgCMelf2h5\/swHDY+cIECAQFFgwk0gECBA44+YJCBBIChi3ZK1CESBg3PwAAQJJAeOWrFUoAgSMmx8gQCApYNyStQpFgIBx8wMECCQFjFuyVqEIEDBufoAAgaSAcUvWKhQBAsbNDxAgkBQwbslahSJAwLj5AQIEkgLGLVmrUAQIGDc\/QIBAUsC4JWsVigCBB5dWABPsECXnAAAAAElFTkSuQmCC\" width=\"590\" height=\"413\" crossorigin=\"anonymous\" \/><\/b>Por segunda ocasi\u00f3n en el municipio de Tonal\u00e1, se llevar\u00e1 a cabo<b>\u00a0<\/b>la \u201cFeria del Empleo y Educaci\u00f3n\u201d, \u00a0este pr\u00f3ximo martes 13 de noviembre a partir de la 10:00 a las 15:00 horas en la Plaza San Gerardo de la Colonia Jalisco, misma que organiza el Gobierno de Tonal\u00e1<b>\u00a0<\/b>trav\u00e9s de la Comisi\u00f3n Edilicia de Asuntos Metropolitanos y la Direcci\u00f3n de Promoci\u00f3n Econ\u00f3mica, en coordinaci\u00f3n con Expo Chamba y la Universidad Internacional.<\/p>\n<p class=\"x_MsoNormal\">\n<p class=\"x_MsoNormal\">La Feria del Empleo contar\u00e1 con la participaci\u00f3n de m\u00e1s de 10\u00a0 instituciones educativas que ofrecer\u00e1n diferentes planes de estudio de nivel bachillerato y universitario y 20 empresas que ofertar\u00e1n diversas vacantes.<\/p>\n<p class=\"x_MsoNormal\">\n<p class=\"x_MsoNormal\">Las vacantes que se ofrecer\u00e1n son: administrativas, telemarketing, producci\u00f3n, ventas, seguridad, entre otras. Algunas de las empresas participantes son: Restaurantes la gorda, Kelly Services, Worken, Evolution, Teleperformance Nova, Gabssa, Grupo San Carlos, Megacable, Atenci\u00f3n Telef\u00f3nica, Iron Tigers, Credisue\u00f1os,<\/p>\n<p class=\"x_MsoNormal\">Las instituciones educativas de nivel bachillerato y universitario son: UNE, UTEG, UNITEC, UI, CLEU, UTEGRA, UTJ, LAMAR, LUMIER y UEA,\u00a0 por mencionar algunas.<\/p>\n<\/div>\n<div><\/div>\n","protected":false},"excerpt":{"rendered":"<p>Tonal\u00e1, Jalisco.\u00a0 09 de noviembre de 2017. SE REALIZAR\u00c1 SEGUNDA FERIA DEL EMPLEO Y EDUCACI\u00d3N EN LA COLONIA JALISCO \u00a0<\/p>\n","protected":false},"author":1,"featured_media":14166,"comment_status":"closed","ping_status":"open","sticky":false,"template":"","format":"standard","meta":{"colormag_page_container_layout":"default_layout","colormag_page_sidebar_layout":"default_layout","footnotes":""},"categories":[2],"tags":[],"class_list":["post-14165","post","type-post","status-publish","format-standard","has-post-thumbnail","hentry","category-comunicacion-social"],"_links":{"self":[{"href":"https:\/\/tonala.gob.mx\/portal\/wp-json\/wp\/v2\/posts\/14165","targetHints":{"allow":["GET"]}}],"collection":[{"href":"https:\/\/tonala.gob.mx\/portal\/wp-json\/wp\/v2\/posts"}],"about":[{"href":"https:\/\/tonala.gob.mx\/portal\/wp-json\/wp\/v2\/types\/post"}],"author":[{"embeddable":true,"href":"https:\/\/tonala.gob.mx\/portal\/wp-json\/wp\/v2\/users\/1"}],"replies":[{"embeddable":true,"href":"https:\/\/tonala.gob.mx\/portal\/wp-json\/wp\/v2\/comments?post=14165"}],"version-history":[{"count":1,"href":"https:\/\/tonala.gob.mx\/portal\/wp-json\/wp\/v2\/posts\/14165\/revisions"}],"predecessor-version":[{"id":14167,"href":"https:\/\/tonala.gob.mx\/portal\/wp-json\/wp\/v2\/posts\/14165\/revisions\/14167"}],"wp:featuredmedia":[{"embeddable":true,"href":"https:\/\/tonala.gob.mx\/portal\/wp-json\/wp\/v2\/media\/14166"}],"wp:attachment":[{"href":"https:\/\/tonala.gob.mx\/portal\/wp-json\/wp\/v2\/media?parent=14165"}],"wp:term":[{"taxonomy":"category","embeddable":true,"href":"https:\/\/tonala.gob.mx\/portal\/wp-json\/wp\/v2\/categories?post=14165"},{"taxonomy":"post_tag","embeddable":true,"href":"https:\/\/tonala.gob.mx\/portal\/wp-json\/wp\/v2\/tags?post=14165"}],"curies":[{"name":"wp","href":"https:\/\/api.w.org\/{rel}","templated":true}]}}