{"id":12409,"date":"2017-08-31T18:16:14","date_gmt":"2017-09-01T00:16:14","guid":{"rendered":"http:\/\/tonala.gob.mx\/portal\/?p=12409"},"modified":"2017-09-01T10:18:21","modified_gmt":"2017-09-01T16:18:21","slug":"en-tonala-aumentan-los-planteles-en-educacion-media-superior","status":"publish","type":"post","link":"https:\/\/tonala.gob.mx\/portal\/2017\/08\/31\/en-tonala-aumentan-los-planteles-en-educacion-media-superior\/","title":{"rendered":"En Tonal\u00e1 aumentan los planteles en educaci\u00f3n media superior"},"content":{"rendered":"<p class=\"x_MsoNormal\" align=\"right\">Tonal\u00e1, Jalisco. 31 de agosto de 2017.<\/p>\n<p class=\"x_MsoNormal\">\n<p class=\"x_MsoNormal\" align=\"center\"><b>EN TONAL\u00c1 AUMENTAN LOS PLANTELES EN EDUCACI\u00d3N MEDIA SUPERIOR<\/b><\/p>\n<p class=\"x_MsoNormal\" align=\"center\"><img fetchpriority=\"high\" decoding=\"async\" class=\"alignnone size-full wp-image-12411\" src=\"https:\/\/tonala.gob.mx\/portal\/wp-content\/uploads\/2017\/09\/PlantelesBoletin001.jpg\" alt=\"PlantelesBoletin001\" width=\"800\" height=\"445\" srcset=\"https:\/\/tonala.gob.mx\/portal\/wp-content\/uploads\/2017\/09\/PlantelesBoletin001.jpg 800w, https:\/\/tonala.gob.mx\/portal\/wp-content\/uploads\/2017\/09\/PlantelesBoletin001-300x167.jpg 300w, https:\/\/tonala.gob.mx\/portal\/wp-content\/uploads\/2017\/09\/PlantelesBoletin001-768x427.jpg 768w\" sizes=\"(max-width: 800px) 100vw, 800px\" \/><\/p>\n<p class=\"x_MsoNormal\" align=\"center\">\n<p class=\"x_MsoNormal\">Gracias a los tres niveles de gobierno, Tonal\u00e1 est\u00e1 creciendo en educaci\u00f3n media superior; esta ma\u00f1ana el presidente municipal Sergio Ch\u00e1vez D\u00e1valos y\u00a0<b>\u00a0<\/b>Francisco Ay\u00f3n L\u00f3pez, \u00a0secretario de educaci\u00f3n del gobierno del estado de Jalisco, instalaron la primera piedra para la edificaci\u00f3n de la preparatoria del CECyTEJ en la colonia Tololotl\u00e1n,\u00a0 donde se invertir\u00e1n 24 millones.<\/p>\n<p class=\"x_MsoNormal\">La construcci\u00f3n del plantel educativo beneficiar\u00e1 a cientos de estudiantes, no s\u00f3lo \u00a0de la zona Sur Oriente de Tonal\u00e1, sino tambi\u00e9n de los municipios vecinos como el Salto y Zapotlanejo; cabe destacar que la primera etapa, tendr\u00e1 una \u00a0capacidad para atender alrededor de 800 alumnos.<\/p>\n<p class=\"x_MsoNormal\">\u00a0Al respecto,\u00a0 el primer edil<b>,\u00a0<\/b>dijo<i>:<b>\u00a0\u201c<\/b>hoy el \u00faltimo d\u00eda del mes de agosto quedar\u00e1 marcado en la historia de Tonal\u00e1 y m\u00e1s para los habitantes de Puente Grande y Tololotlan que vamos a ver realidad en esta donaci\u00f3n , mi agradecimiento a los miembros del ejido por su gran disposici\u00f3n por la donaci\u00f3n de 03 hect\u00e1reas 30 mil metros, hoy el ejido de Tololotl\u00e1n pone la muestra para los dem\u00e1s ejidos de la zona metropolitana de c\u00f3mo se preocupan y ocupan para poder invertir en el futuro de los tonaltecas, esta preparatoria les va ayudar a los tonaltecas, el Salto y\u00a0 Zapotlanejo, eso es la pol\u00edtica que se ha venido encabezando de los tres niveles de gobierno, pensar en los pr\u00f3ximos 25 a\u00f1os para conducir el municipio de Tonal\u00e1 con una mejor ruta de c\u00f3mo nos toc\u00f3 iniciar nuestra vida\u201d.<\/i><\/p>\n<p class=\"x_MsoNormal\">Ch\u00e1vez D\u00e1valos, asegur\u00f3 que los trabajos para realizar este inmueble se iniciaron hace un a\u00f1o, con varias reuniones que tuvieron\u00a0 con el ejido y \u00a0dijo que la primera de \u00e9stas fue muy complicada en cuesti\u00f3n de temas legales; por \u00faltimo concluy\u00f3 que se lleg\u00f3 a un acuerdo \u00a0con las partes\u00a0 y cada quien tom\u00f3 su responsabilidad \u00a0y al final se logr\u00f3 el objetivo\u201d.<\/p>\n<p class=\"x_MsoNormal\">\n<p class=\"x_MsoNormal\">Por su parte, \u00a0Francisco Ay\u00f3n L\u00f3pez<b>,<\/b>\u00a0 secretario de Educaci\u00f3n del estado, expres\u00f3: \u201c<i>Tonal\u00e1 es uno de los municipios que durante mucho tiempo\u00a0 present\u00f3 un rezago\u00a0 en educaci\u00f3n media superior,\u00a0 cuando inicio este gobierno\u00a0 de Arist\u00f3teles Sandoval, s\u00f3lo hab\u00eda cuatro m\u00f3dulos estatales de preparatoria en este municipio; hoy en este gobierno estaremos creciendo 02 de panor\u00e1mico, 01 de Basilio Vadillo, 02 colonia Jalisco y 02 m\u00f3dulos nuevos de Tololotl\u00e1n, que dan un total de 11 m\u00f3dulos de COBAEJ Y CEyTEJ\u201d.<\/i><\/p>\n<p class=\"x_MsoNormal\">\n<p class=\"x_MsoNormal\">Y recalc\u00f3: \u201c<i>Esto quiere decir que es un crecimiento mucho mayor del cien por ciento de nuestras escuelas preparatorias, este es el compromiso del gobernador con Tonal\u00e1. Y quiero que sepan que son un\u00a0 municipio importante para nosotros,\u00a0 este crecimiento no lo ha logrado nadie en todo el pa\u00eds\u00a0 y en Tonal\u00e1 lo hemos logrado, felicidades Sergio Ch\u00e1vez y a todos los tonaltecas<\/i>\u201d.<\/p>\n<p class=\"x_MsoNormal\">La infraestructura contempla en la primera etapa, construcci\u00f3n y equipamiento de 8 Aulas, Laboratorio de c\u00f3mputo y otro poli funcional, ba\u00f1os, administraci\u00f3n, bodega, patio c\u00edvico, ingreso, banquetas, barda perimetral y obra exterior.<\/p>\n<p class=\"x_MsoNormal\">\n","protected":false},"excerpt":{"rendered":"<p>Tonal\u00e1, Jalisco. 31 de agosto de 2017. EN TONAL\u00c1 AUMENTAN LOS PLANTELES EN EDUCACI\u00d3N MEDIA SUPERIOR Gracias a los tres<\/p>\n","protected":false},"author":1,"featured_media":12410,"comment_status":"closed","ping_status":"open","sticky":false,"template":"","format":"standard","meta":{"colormag_page_container_layout":"default_layout","colormag_page_sidebar_layout":"default_layout","footnotes":""},"categories":[2],"tags":[],"class_list":["post-12409","post","type-post","status-publish","format-standard","has-post-thumbnail","hentry","category-comunicacion-social"],"_links":{"self":[{"href":"https:\/\/tonala.gob.mx\/portal\/wp-json\/wp\/v2\/posts\/12409","targetHints":{"allow":["GET"]}}],"collection":[{"href":"https:\/\/tonala.gob.mx\/portal\/wp-json\/wp\/v2\/posts"}],"about":[{"href":"https:\/\/tonala.gob.mx\/portal\/wp-json\/wp\/v2\/types\/post"}],"author":[{"embeddable":true,"href":"https:\/\/tonala.gob.mx\/portal\/wp-json\/wp\/v2\/users\/1"}],"replies":[{"embeddable":true,"href":"https:\/\/tonala.gob.mx\/portal\/wp-json\/wp\/v2\/comments?post=12409"}],"version-history":[{"count":1,"href":"https:\/\/tonala.gob.mx\/portal\/wp-json\/wp\/v2\/posts\/12409\/revisions"}],"predecessor-version":[{"id":12412,"href":"https:\/\/tonala.gob.mx\/portal\/wp-json\/wp\/v2\/posts\/12409\/revisions\/12412"}],"wp:featuredmedia":[{"embeddable":true,"href":"https:\/\/tonala.gob.mx\/portal\/wp-json\/wp\/v2\/media\/12410"}],"wp:attachment":[{"href":"https:\/\/tonala.gob.mx\/portal\/wp-json\/wp\/v2\/media?parent=12409"}],"wp:term":[{"taxonomy":"category","embeddable":true,"href":"https:\/\/tonala.gob.mx\/portal\/wp-json\/wp\/v2\/categories?post=12409"},{"taxonomy":"post_tag","embeddable":true,"href":"https:\/\/tonala.gob.mx\/portal\/wp-json\/wp\/v2\/tags?post=12409"}],"curies":[{"name":"wp","href":"https:\/\/api.w.org\/{rel}","templated":true}]}}