{"id":12403,"date":"2017-08-30T18:01:39","date_gmt":"2017-08-31T00:01:39","guid":{"rendered":"http:\/\/tonala.gob.mx\/portal\/?p=12403"},"modified":"2017-08-31T13:07:15","modified_gmt":"2017-08-31T19:07:15","slug":"este-gobierno-impulsa-de-manera-real-y-constante-la-participacion-ciudadana-sch","status":"publish","type":"post","link":"https:\/\/tonala.gob.mx\/portal\/2017\/08\/30\/este-gobierno-impulsa-de-manera-real-y-constante-la-participacion-ciudadana-sch\/","title":{"rendered":"Este gobierno impulsa de manera real y constante la participaci\u00f3n ciudadana: SCH"},"content":{"rendered":"<p class=\"x_MsoNormal\" align=\"right\">Tonal\u00e1, Jalisco. 30 de agosto de 2017.<\/p>\n<p class=\"x_MsoNormal\" align=\"center\"><i>\u00a0<\/i><\/p>\n<p class=\"x_MsoNormal\" align=\"center\"><b>ESTE GOBIERNO IMPULSA DE MANERA REAL Y CONSTANTE LA PARTICIPACI\u00d3N CIUDADANA: SCH\u00a0<\/b><\/p>\n<p class=\"x_MsoNormal\">\u00a0<img fetchpriority=\"high\" decoding=\"async\" class=\"alignnone size-full wp-image-12404\" src=\"https:\/\/tonala.gob.mx\/portal\/wp-content\/uploads\/2017\/08\/PartBoletin001.jpg\" alt=\"PartBoletin001\" width=\"800\" height=\"445\" srcset=\"https:\/\/tonala.gob.mx\/portal\/wp-content\/uploads\/2017\/08\/PartBoletin001.jpg 800w, https:\/\/tonala.gob.mx\/portal\/wp-content\/uploads\/2017\/08\/PartBoletin001-300x167.jpg 300w, https:\/\/tonala.gob.mx\/portal\/wp-content\/uploads\/2017\/08\/PartBoletin001-768x427.jpg 768w\" sizes=\"(max-width: 800px) 100vw, 800px\" \/><\/p>\n<p class=\"x_MsoNormal\">\n<p class=\"x_MsoNormal\">Esta ma\u00f1ana se llev\u00f3 a cabo en la presidencia municipal, \u00a0la Sesi\u00f3n Solemne de ayuntamiento con motivo de conmemorar \u00a0el D\u00eda de la Participaci\u00f3n Ciudadana, \u00a0donde tambi\u00e9n se hizo la entrega del galard\u00f3n \u201cCualli Tonalli\u201d a 10 ciudadanos destacados en el \u00e1mbito de la participaci\u00f3n ciudadana.<\/p>\n<p class=\"x_MsoNormal\">En este sentido, el presidente municipal Sergio Ch\u00e1vez D\u00e1valos, destac\u00f3 que la participaci\u00f3n ciudadana va m\u00e1s all\u00e1 de las quejas y exigencias de los habitantes, se requiere de un ejercicio rec\u00edproco y constante de acciones encaminadas a impulsar el desarrollo de la comunidad y la democracia participativa;\u00a0 en la actualidad se da de mayor manera dentro de la familia, juntas vecinales, mesas directivas escolares, asociaciones civiles, sindicatos y grupos culturales.<\/p>\n<p class=\"x_MsoNormal\">Agreg\u00f3, que otro desaf\u00edo es la participaci\u00f3n en los j\u00f3venes: \u201c<i>Hay un desencanto por participar y poca credibilidad en las instituciones, al menos desde nuestra pr\u00e1ctica de gobierno ha sido un reto, sumar a los j\u00f3venes en procesos de lucha y participaci\u00f3n, viven su d\u00eda a d\u00eda con la angustia de que les depara el ma\u00f1ana y tratan de vivir el momento, esto implica el poder generar cambios reales que les permitan a los j\u00f3venes ver una luz m\u00e1s esperanzadora\u201d.<\/i><\/p>\n<p class=\"x_MsoNormal\">\u00a0Ch\u00e1vez D\u00e1valos, explic\u00f3 que en todas las direcciones hay un respaldado con \u00a0acciones como la renovaci\u00f3n de los Comit\u00e9s de Participaci\u00f3n en todas las colonias del municipio, actividades culturales y deportivas que generan sana convivencia y recreaci\u00f3n, as\u00ed mismo el rescate de espacios p\u00fablicos para que sean centros de reuni\u00f3n de los habitantes y punto de toma de decisiones; un ejemplo es el programa Vamos Juntos, en el que la gente decidi\u00f3 directamente las obras que se realizaron en la zona sur del municipio; adem\u00e1s de orientar el impuesto predial en obras donde la poblaci\u00f3n lo demand\u00f3 organizadamente.<\/p>\n<p class=\"x_MsoNormal\">Asimismo, manifest\u00f3 que el Gobierno de Tonal\u00e1, cuenta con canales de comunicaci\u00f3n social a trav\u00e9s de las redes sociales, donde sin censura, pero siempre respetuosa y de manera directa, escuchan las cr\u00edticas, sugerencias, demandas y el sentir de la gente acerca de lo que acontece diariamente en Tonal\u00e1; adem\u00e1s de que se han \u00a0modificado reglamentos en base a las opiniones ciudadanas, generando que su aplicaci\u00f3n sea m\u00e1s efectiva y los cuerpos de seguridad p\u00fablica se involucran de manera directa con vecinos para forjar acciones de prevenci\u00f3n social.<\/p>\n<p class=\"x_MsoNormal\">\u00a0Los organismos de asistencia social atienden a los grupos vulnerables para que se integren y sean visibles al resto de a la poblaci\u00f3n, adem\u00e1s de aplicar programas sociales basados en la participaci\u00f3n ciudadana para detectar a qui\u00e9n realmente requiere apoyo.<\/p>\n<p class=\"x_MsoNormal\">Por \u00faltimo el primer edil, enfatiz\u00f3: \u201c<i>En resumen este gobierno no s\u00f3lo celebra el d\u00eda de la participaci\u00f3n ciudadana, la impulsa de manera real y constante, ya que estamos convencidos que s\u00f3lo as\u00ed lograremos una transformaci\u00f3n real de esta comunidad\u201d.<\/i><\/p>\n<p class=\"x_MsoNormal\">\n<p class=\"x_MsoNormal\">\n<p class=\"x_MsoNormal\">Los 10 ciudadanos del municipio destacados en el \u00e1mbito de la participaci\u00f3n ciudadana fueron: Andr\u00e9s Herrera Noriega, Jes\u00fas Su\u00e1rez Arana, Francisca Amante Nu\u00f1o, Manuel Cerros Guevara, Mar\u00eda Alejandra Bernal Sandoval, Claudio Melchor Murgu\u00eda, Carmen Ventura Villanueva, Ernesto Miguel Arana, Sandra Escoto Valtierra y\u00a0M. I. Sr. Cngo.\u00a0Rafael Gonz\u00e1lez Gonz\u00e1lez.<\/p>\n<p class=\"x_MsoNormal\">\n","protected":false},"excerpt":{"rendered":"<p>Tonal\u00e1, Jalisco. 30 de agosto de 2017. \u00a0 ESTE GOBIERNO IMPULSA DE MANERA REAL Y CONSTANTE LA PARTICIPACI\u00d3N CIUDADANA: SCH\u00a0<\/p>\n","protected":false},"author":1,"featured_media":12405,"comment_status":"closed","ping_status":"open","sticky":false,"template":"","format":"standard","meta":{"colormag_page_container_layout":"default_layout","colormag_page_sidebar_layout":"default_layout","footnotes":""},"categories":[2],"tags":[],"class_list":["post-12403","post","type-post","status-publish","format-standard","has-post-thumbnail","hentry","category-comunicacion-social"],"_links":{"self":[{"href":"https:\/\/tonala.gob.mx\/portal\/wp-json\/wp\/v2\/posts\/12403","targetHints":{"allow":["GET"]}}],"collection":[{"href":"https:\/\/tonala.gob.mx\/portal\/wp-json\/wp\/v2\/posts"}],"about":[{"href":"https:\/\/tonala.gob.mx\/portal\/wp-json\/wp\/v2\/types\/post"}],"author":[{"embeddable":true,"href":"https:\/\/tonala.gob.mx\/portal\/wp-json\/wp\/v2\/users\/1"}],"replies":[{"embeddable":true,"href":"https:\/\/tonala.gob.mx\/portal\/wp-json\/wp\/v2\/comments?post=12403"}],"version-history":[{"count":1,"href":"https:\/\/tonala.gob.mx\/portal\/wp-json\/wp\/v2\/posts\/12403\/revisions"}],"predecessor-version":[{"id":12406,"href":"https:\/\/tonala.gob.mx\/portal\/wp-json\/wp\/v2\/posts\/12403\/revisions\/12406"}],"wp:featuredmedia":[{"embeddable":true,"href":"https:\/\/tonala.gob.mx\/portal\/wp-json\/wp\/v2\/media\/12405"}],"wp:attachment":[{"href":"https:\/\/tonala.gob.mx\/portal\/wp-json\/wp\/v2\/media?parent=12403"}],"wp:term":[{"taxonomy":"category","embeddable":true,"href":"https:\/\/tonala.gob.mx\/portal\/wp-json\/wp\/v2\/categories?post=12403"},{"taxonomy":"post_tag","embeddable":true,"href":"https:\/\/tonala.gob.mx\/portal\/wp-json\/wp\/v2\/tags?post=12403"}],"curies":[{"name":"wp","href":"https:\/\/api.w.org\/{rel}","templated":true}]}}