{"id":12399,"date":"2017-08-28T16:55:47","date_gmt":"2017-08-28T22:55:47","guid":{"rendered":"http:\/\/tonala.gob.mx\/portal\/?p=12399"},"modified":"2017-08-31T13:00:44","modified_gmt":"2017-08-31T19:00:44","slug":"xxvii-semana-cultural-y-deportiva-para-el-bienestar-y-plenitud-del-adulto-mayor-tonala-2017","status":"publish","type":"post","link":"https:\/\/tonala.gob.mx\/portal\/2017\/08\/28\/xxvii-semana-cultural-y-deportiva-para-el-bienestar-y-plenitud-del-adulto-mayor-tonala-2017\/","title":{"rendered":"XXVII Semana cultural y deportiva para el bienestar y plenitud del adulto mayor Tonal\u00e1 2017"},"content":{"rendered":"<p class=\"x_MsoNormal\" align=\"right\">Tonal\u00e1, Jalisco; a 28 de agosto de 2017.<\/p>\n<p class=\"x_MsoNormal\" align=\"right\">\n<p class=\"x_MsoNormal\" align=\"center\"><b>XXVII SEMANA CULTURAL Y DEPORTIVA PARA EL BIENESTAR Y PLENITUD DEL ADULTO MAYOR TONAL\u00c1 2017<\/b><\/p>\n<p class=\"x_MsoNormal\"><img fetchpriority=\"high\" decoding=\"async\" class=\"alignnone size-full wp-image-12401\" src=\"https:\/\/tonala.gob.mx\/portal\/wp-content\/uploads\/2017\/08\/SemanaBoletin002.jpg\" alt=\"SemanaBoletin002\" width=\"800\" height=\"445\" srcset=\"https:\/\/tonala.gob.mx\/portal\/wp-content\/uploads\/2017\/08\/SemanaBoletin002.jpg 800w, https:\/\/tonala.gob.mx\/portal\/wp-content\/uploads\/2017\/08\/SemanaBoletin002-300x167.jpg 300w, https:\/\/tonala.gob.mx\/portal\/wp-content\/uploads\/2017\/08\/SemanaBoletin002-768x427.jpg 768w\" sizes=\"(max-width: 800px) 100vw, 800px\" \/><\/p>\n<p class=\"x_MsoNormal\">\n<p class=\"x_MsoNormal\">Esta ma\u00f1ana dio inicio la XXVII Semana Cultural y Deportiva para el Bienestar y Plenitud del Adulto Mayor Tonal\u00e1 2017,\u00a0 donde participar\u00e1n con diferentes actividades aproximadamente mil 200 adultos mayores de 15 comunidades del municipio; esta celebraci\u00f3n se realiza cada a\u00f1o con la finalidad de premiar a los adultos de la tercera edad por su esfuerzo, trabajo y dedicaci\u00f3n que realizaron en los \u00faltimos meses.<\/p>\n<p class=\"x_MsoNormal\">En el marco de la festividad se reconoci\u00f3 al adulto mayor distinguido 2017, a la se\u00f1ora, Francisca Amante Nu\u00f1o, de la colonia Jauja, que se caracteriza por ser una de las impulsoras, gestoras y pioneras\u00a0 para el desarrollo de la comunidad, misma que fue partera por muchos a\u00f1os y se desarrollo como enfermera.<\/p>\n<p class=\"x_MsoNormal\">Durante la inauguraci\u00f3n, el presidente municipal, Sergio Ch\u00e1vez D\u00e1valos, dijo que los tres niveles de gobierno, est\u00e1n trabajando con pol\u00edticas p\u00fablicas, acciones, actividades, programas\u00a0 y apoyos, para dar mejor calidad de vida a los adultos mayores, por lo que recalc\u00f3: \u201c<i>en Tonal\u00e1 estamos atentos\u00a0 a que los apoyos lleguen en tiempo y forma\u00a0 como es\u00a0 la pensi\u00f3n, apoyos para el transporte p\u00fablico, \u00a0estoy convencido que tienen mucho que dar; vamos a festejar al adulto mayor con competencias sanas y haciendo trabajo en quipo, felicidades\u201d.<\/i><\/p>\n<p class=\"x_MsoNormal\">Al respecto, Rebeca D\u00e1valos de Ch\u00e1vez,\u00a0 presidenta del Sistema DIF Tonal\u00e1, expres\u00f3: \u201c<i>envejecer es como subir a una monta\u00f1a, mientras se sube las fuerzas se disminuyen, pero la mirada es m\u00e1s libre y la vista es m\u00e1s amplia y serena, cu\u00e1nta raz\u00f3n tiene esta frase; estamos en el momento de disfrutar que estamos en la cima, los invito a todos a recibir con amor lo que preparamos para ustedes este d\u00eda, es momento de celebrar la semana cultural y deportiva, muchas gracias\u201d.<\/i><\/p>\n<p class=\"x_MsoNormal\">Por su parte, Leticia Romero Lima, representante del Sistema DIF Jalisco, enfatiz\u00f3:\u00a0<i>\u201cEste es un encuentro de adultos mayores, ese encuentro de b\u00fasqueda de salud y ser ejemplos de vida, felicitamos a cada una de las personas aqu\u00ed presentes ya que est\u00e1n trabajando previniendo la enfermedad y fortaleciendo su independencia, ustedes son un ejemplo para su familia y sociedad; con esto se convierten en promotores de una cultura de aprecio y respeto a la vejez\u201d.<\/i><\/p>\n<p class=\"x_MsoNormal\">\n<p class=\"x_MsoNormal\">\n<p class=\"x_MsoNormal\">\n<p class=\"x_MsoNormal\">\n<p class=\"x_MsoNormal\">Esta semana de celebraci\u00f3n, surge como una estrategia para fortalecer estilos de vida saludables como medidas de prevenci\u00f3n de la enfermedad y discapacidad, evento que se realiza desde 1995 en los 125 municipios del estado, mismos donde se realizan diversas actividades y posteriormente se hace una jornada regional que es donde pasan los mejores.<\/p>\n<p class=\"x_MsoNormal\">En la pres\u00eddium, estuvieron presentes, Rebeca D\u00e1valos de Ch\u00e1vez,\u00a0 presidenta del Sistema DIF Tonal\u00e1, Leticia Romero Lima, representante del Sistema DIF Jalisco, Mar\u00eda Esther Guti\u00e9rrez Olivares, directora general del Sistema DIF Tonal\u00e1 y el presidente municipal Sergio Ch\u00e1vez D\u00e1valos, mismos que\u00a0 hicieron el corte de list\u00f3n e inauguraci\u00f3n de la expo venta de manualidades en la Plaza Cihualpilli.<\/p>\n<p class=\"x_MsoNormal\">Cabe destacar que las actividades culturales ser\u00e1n los d\u00edas, lunes 28, martes 29, mi\u00e9rcoles 30 de agosto y se clausura con una kermes el viernes 01 de septiembre.<\/p>\n<p class=\"x_MsoNormal\">\n","protected":false},"excerpt":{"rendered":"<p>Tonal\u00e1, Jalisco; a 28 de agosto de 2017. XXVII SEMANA CULTURAL Y DEPORTIVA PARA EL BIENESTAR Y PLENITUD DEL ADULTO<\/p>\n","protected":false},"author":1,"featured_media":12400,"comment_status":"closed","ping_status":"open","sticky":false,"template":"","format":"standard","meta":{"colormag_page_container_layout":"default_layout","colormag_page_sidebar_layout":"default_layout","footnotes":""},"categories":[2],"tags":[],"class_list":["post-12399","post","type-post","status-publish","format-standard","has-post-thumbnail","hentry","category-comunicacion-social"],"_links":{"self":[{"href":"https:\/\/tonala.gob.mx\/portal\/wp-json\/wp\/v2\/posts\/12399","targetHints":{"allow":["GET"]}}],"collection":[{"href":"https:\/\/tonala.gob.mx\/portal\/wp-json\/wp\/v2\/posts"}],"about":[{"href":"https:\/\/tonala.gob.mx\/portal\/wp-json\/wp\/v2\/types\/post"}],"author":[{"embeddable":true,"href":"https:\/\/tonala.gob.mx\/portal\/wp-json\/wp\/v2\/users\/1"}],"replies":[{"embeddable":true,"href":"https:\/\/tonala.gob.mx\/portal\/wp-json\/wp\/v2\/comments?post=12399"}],"version-history":[{"count":1,"href":"https:\/\/tonala.gob.mx\/portal\/wp-json\/wp\/v2\/posts\/12399\/revisions"}],"predecessor-version":[{"id":12402,"href":"https:\/\/tonala.gob.mx\/portal\/wp-json\/wp\/v2\/posts\/12399\/revisions\/12402"}],"wp:featuredmedia":[{"embeddable":true,"href":"https:\/\/tonala.gob.mx\/portal\/wp-json\/wp\/v2\/media\/12400"}],"wp:attachment":[{"href":"https:\/\/tonala.gob.mx\/portal\/wp-json\/wp\/v2\/media?parent=12399"}],"wp:term":[{"taxonomy":"category","embeddable":true,"href":"https:\/\/tonala.gob.mx\/portal\/wp-json\/wp\/v2\/categories?post=12399"},{"taxonomy":"post_tag","embeddable":true,"href":"https:\/\/tonala.gob.mx\/portal\/wp-json\/wp\/v2\/tags?post=12399"}],"curies":[{"name":"wp","href":"https:\/\/api.w.org\/{rel}","templated":true}]}}