{"id":12284,"date":"2017-08-23T15:26:33","date_gmt":"2017-08-23T21:26:33","guid":{"rendered":"http:\/\/tonala.gob.mx\/portal\/?p=12284"},"modified":"2017-08-24T09:35:02","modified_gmt":"2017-08-24T15:35:02","slug":"se-remodelara-una-de-las-entradas-principales-al-municipio-con-una-inversion-de-mas-de-10-millones-de-pesos","status":"publish","type":"post","link":"https:\/\/tonala.gob.mx\/portal\/2017\/08\/23\/se-remodelara-una-de-las-entradas-principales-al-municipio-con-una-inversion-de-mas-de-10-millones-de-pesos\/","title":{"rendered":"Se remodelar\u00e1 una de las entradas principales al municipio con una inversi\u00f3n de m\u00e1s de 10 millones de pesos"},"content":{"rendered":"<p class=\"x_MsoNormal\" align=\"right\">Tonal\u00e1, Jalisco. 23 de agosto de 2017.<\/p>\n<p class=\"x_MsoNormal\" align=\"right\">\n<p class=\"x_MsoNormal\" align=\"center\"><b>SE REMODELAR\u00c1 UNA DE LAS ENTRADAS PRINCIPALES \u00a0AL MUNICIPIO CON UNA INVERSI\u00d3N DE M\u00c1S DE 10 MILLONES DE PESOS<\/b><\/p>\n<p class=\"x_MsoNormal\"><img fetchpriority=\"high\" decoding=\"async\" class=\"alignnone size-full wp-image-12286\" src=\"https:\/\/tonala.gob.mx\/portal\/wp-content\/uploads\/2017\/08\/BoletinLomaDorada002.jpg\" alt=\"BoletinLomaDorada002\" width=\"800\" height=\"445\" srcset=\"https:\/\/tonala.gob.mx\/portal\/wp-content\/uploads\/2017\/08\/BoletinLomaDorada002.jpg 800w, https:\/\/tonala.gob.mx\/portal\/wp-content\/uploads\/2017\/08\/BoletinLomaDorada002-300x167.jpg 300w, https:\/\/tonala.gob.mx\/portal\/wp-content\/uploads\/2017\/08\/BoletinLomaDorada002-768x427.jpg 768w\" sizes=\"(max-width: 800px) 100vw, 800px\" \/><\/p>\n<p class=\"x_MsoNormal\">\n<p class=\"x_MsoNormal\">El Gobierno municipal contin\u00faa trabajando como nunca en obras de infraestructura, y en esta ocasi\u00f3n ser\u00e1 el rescate del entorno de la Glorieta de los \u00a0Arcos Loma Dorada,\u00a0 donde se beneficiar\u00e1n a\u00a0 m\u00e1s de 65 mil habitantes de manera directa e indirecta, con la pavimentar\u00e1n 04 mil 490 metros cuadrados de concreto hidr\u00e1ulico estampado.<\/p>\n<p class=\"x_MsoNormal\">\n<p class=\"x_MsoNormal\">La obra en construcci\u00f3n es en Av. Rio Nilo desde el Arroyo El Rosario hasta los alrededores de la Glorieta de los Arcos de Loma Dorada, y contar\u00e1 con trabajos en trazo y nivelaci\u00f3n de terreno, construcci\u00f3n de guarniciones, tendido de base, colocaci\u00f3n de guarnici\u00f3n, elaboraci\u00f3n de concreto hidr\u00e1ulico estampado, nivelaci\u00f3n de pozos de visita, nivelaci\u00f3n de cajas de v\u00e1lvulas y limpieza general.<\/p>\n<p class=\"x_MsoNormal\">\n<p class=\"x_MsoNormal\">El arranque oficial \u00a0de esta obra fue ayer por la tarde, donde presidente municipal Sergio Ch\u00e1vez D\u00e1valos, expres\u00f3: \u201c<i>Hoy vamos a iniciar una obra compleja, tenemos varias por el tema del flujo vehicular, pero aun as\u00ed creemos que esta es la mayor, se calcula que tranquilamente pasan 25 mil veh\u00edculos cada 24 horas; nos atrevemos a decir que es el primer ingreso importante al municipio, el caso es que avenida Rio Nilo junto con los Arcos, es un entorno que nadie le hab\u00eda hecho nada desde 1979, cuando se inauguro este gran fraccionamiento que se llamaba originalmente ciudad Loma Dorada\u201d<\/i><b>.<\/b><\/p>\n<p class=\"x_MsoNormal\"><b>\u00a0<\/b><\/p>\n<p class=\"x_MsoNormal\"><i>\u201cEste es un compromiso m\u00e1s que hice en mi campa\u00f1a hace casi tres a\u00f1os, y uno de los que tambi\u00e9n ya cumpl\u00ed fue con la repavimentaci\u00f3n de calles y muchas vialidades peque\u00f1as, que a finales del a\u00f1o pasado fueron terminadas 120 cuadras; s\u00f3lo les pido paciencia a los habitantes, tomar las rutas alternas, para evitar problemas viales\u201d.<\/i><b><\/b><\/p>\n<p class=\"x_MsoNormal\"><b>\u00a0<\/b><\/p>\n<p class=\"x_MsoNormal\">Por \u00faltimo el primer\u00a0 edil, aclar\u00f3 a los asistentes\u00a0 que gracias a sus gestiones en la ciudad de M\u00e9xico, es que se arranca con esta obra de m\u00e1s de 10 millones de pesos de concreto hidr\u00e1ulico y dijo que seguir\u00e1 tocando puertas para seguir con m\u00e1s obras para esta colonia.<\/p>\n<p class=\"x_MsoNormal\"><b>\u00a0<\/b><\/p>\n<p class=\"x_MsoNormal\">La finalidad de esta obra es rescatar todo el entorno de la puerta de ingreso al municipio, que se convertir\u00e1 en concreto hidr\u00e1ulico estampado y \u00a0ser\u00e1 para m\u00ednimo los pr\u00f3ximos 30 a\u00f1os, los arcos se volver\u00e1n a pintar \u00a0como estaban en sus inicios y se cambiar\u00e1n las luminarias.<\/p>\n","protected":false},"excerpt":{"rendered":"<p>Tonal\u00e1, Jalisco. 23 de agosto de 2017. SE REMODELAR\u00c1 UNA DE LAS ENTRADAS PRINCIPALES \u00a0AL MUNICIPIO CON UNA INVERSI\u00d3N DE<\/p>\n","protected":false},"author":1,"featured_media":12287,"comment_status":"closed","ping_status":"open","sticky":false,"template":"","format":"standard","meta":{"colormag_page_container_layout":"default_layout","colormag_page_sidebar_layout":"default_layout","footnotes":""},"categories":[2],"tags":[],"class_list":["post-12284","post","type-post","status-publish","format-standard","has-post-thumbnail","hentry","category-comunicacion-social"],"_links":{"self":[{"href":"https:\/\/tonala.gob.mx\/portal\/wp-json\/wp\/v2\/posts\/12284","targetHints":{"allow":["GET"]}}],"collection":[{"href":"https:\/\/tonala.gob.mx\/portal\/wp-json\/wp\/v2\/posts"}],"about":[{"href":"https:\/\/tonala.gob.mx\/portal\/wp-json\/wp\/v2\/types\/post"}],"author":[{"embeddable":true,"href":"https:\/\/tonala.gob.mx\/portal\/wp-json\/wp\/v2\/users\/1"}],"replies":[{"embeddable":true,"href":"https:\/\/tonala.gob.mx\/portal\/wp-json\/wp\/v2\/comments?post=12284"}],"version-history":[{"count":1,"href":"https:\/\/tonala.gob.mx\/portal\/wp-json\/wp\/v2\/posts\/12284\/revisions"}],"predecessor-version":[{"id":12288,"href":"https:\/\/tonala.gob.mx\/portal\/wp-json\/wp\/v2\/posts\/12284\/revisions\/12288"}],"wp:featuredmedia":[{"embeddable":true,"href":"https:\/\/tonala.gob.mx\/portal\/wp-json\/wp\/v2\/media\/12287"}],"wp:attachment":[{"href":"https:\/\/tonala.gob.mx\/portal\/wp-json\/wp\/v2\/media?parent=12284"}],"wp:term":[{"taxonomy":"category","embeddable":true,"href":"https:\/\/tonala.gob.mx\/portal\/wp-json\/wp\/v2\/categories?post=12284"},{"taxonomy":"post_tag","embeddable":true,"href":"https:\/\/tonala.gob.mx\/portal\/wp-json\/wp\/v2\/tags?post=12284"}],"curies":[{"name":"wp","href":"https:\/\/api.w.org\/{rel}","templated":true}]}}