{"id":12277,"date":"2017-08-22T17:30:17","date_gmt":"2017-08-22T23:30:17","guid":{"rendered":"http:\/\/tonala.gob.mx\/portal\/?p=12277"},"modified":"2017-08-23T12:31:59","modified_gmt":"2017-08-23T18:31:59","slug":"se-seguiran-impulsando-mejores-condiciones-para-los-bomberos","status":"publish","type":"post","link":"https:\/\/tonala.gob.mx\/portal\/2017\/08\/22\/se-seguiran-impulsando-mejores-condiciones-para-los-bomberos\/","title":{"rendered":"Se seguir\u00e1n impulsando mejores condiciones para los bomberos"},"content":{"rendered":"<p class=\"x_MsoNormal\" align=\"right\">\u00a0 Tonal\u00e1, Jalisco. 22 de agosto de 2017.<\/p>\n<p class=\"x_MsoNormal\" align=\"right\">\n<p class=\"x_MsoNormal\" align=\"center\"><b>SE SEGUIR\u00c1N IMPULSANDO MEJORES CONDICIONES PARA LOS BOMBEROS<\/b><\/p>\n<p class=\"x_MsoNormal\" align=\"center\"><img fetchpriority=\"high\" decoding=\"async\" class=\"alignnone size-full wp-image-12278\" src=\"https:\/\/tonala.gob.mx\/portal\/wp-content\/uploads\/2017\/08\/Bomberos-Boletin001.jpg\" alt=\"Bomberos Boletin001\" width=\"800\" height=\"445\" srcset=\"https:\/\/tonala.gob.mx\/portal\/wp-content\/uploads\/2017\/08\/Bomberos-Boletin001.jpg 800w, https:\/\/tonala.gob.mx\/portal\/wp-content\/uploads\/2017\/08\/Bomberos-Boletin001-300x167.jpg 300w, https:\/\/tonala.gob.mx\/portal\/wp-content\/uploads\/2017\/08\/Bomberos-Boletin001-768x427.jpg 768w\" sizes=\"(max-width: 800px) 100vw, 800px\" \/><\/p>\n<p class=\"x_MsoNormal\" align=\"center\"><b>\u00a0<\/b><\/p>\n<ul type=\"disc\">\n<li class=\"x_MsoNormal\">M\u00e1s de Un mill\u00f3n de pesos de inversi\u00f3n en nuevas instalaciones y equipamiento<\/li>\n<\/ul>\n<p class=\"x_MsoNormal\" align=\"right\">\n<p class=\"x_MsoNormal\">Este gobierno ha trabajado desde el comienzo en mejorar las condiciones para los \u00a0bomberos, con la finalidad de que puedan desempe\u00f1ar de manera digna y segura su labor, expres\u00f3 el presidente Sergio Ch\u00e1vez D\u00e1valos en el evento conmemorativo del D\u00eda del Bombero, en el que adem\u00e1s de entregar est\u00edmulos econ\u00f3micos, inaugur\u00f3 un nuevo edificio con una superficie de m\u00e1s de 300 metros cuadrados y devel\u00f3 el busto de Juan Manuel Rivas Merlo, elemento fallecido en cumplimiento de su deber.<\/p>\n<p class=\"x_MsoNormal\">\n<p class=\"x_MsoNormal\">Durante el evento que se llev\u00f3 a cabo en la Base 01 ubicada en Loma Dorada, el primer edil en compa\u00f1\u00eda del Doctor \u00c1ngel Reinaldo Meulenert Pe\u00f1a, director del Instituto de Astronom\u00eda y Meteorolog\u00eda (IAM) de la UdeG, inaugur\u00f3 la nueva aula de usos m\u00faltiples y a la vez, devel\u00f3 la placa que lleva el nombre del destacado meteor\u00f3logo.<\/p>\n<p class=\"x_MsoNormal\">\n<p class=\"x_MsoNormal\">En su discurso, Ch\u00e1vez D\u00e1valos, destac\u00f3:\u00a0<i>\u201cEstamos trabajando para consolidar una cultura de Protecci\u00f3n Civil preventiva, as\u00ed como una mayor capacidad de respuesta institucional y ciudadana ante cualquier siniestro, y para ejemplo, la mejora de esta base, con la construcci\u00f3n de este sal\u00f3n de usos m\u00faltiples, que sin duda permitir\u00e1 el crecimiento profesional de nuestros elementos\u201d. \u00a0\u00a0<\/i><\/p>\n<p class=\"x_MsoNormal\">\n<p class=\"x_MsoNormal\">Dijo estar consciente de que hace falta mucho por hacer para mejorar las condiciones de los elementos\u00a0 en cuanto a equipamiento e infraestructura de la Direcci\u00f3n de Protecci\u00f3n Civil y Bomberos, sin embargo destac\u00f3 que desde que inici\u00f3 su administraci\u00f3n, ya son m\u00e1s de tres millones de pesos invertidos en este sentido, entre los que destacan una pipa, una unidad de rescate urbano, equipamiento, entre otros apoyos.<\/p>\n<p class=\"x_MsoNormal\">\n<p class=\"x_MsoNormal\"><i>\u201cMejores condiciones de trabajo, m\u00e1s y mejores prestaciones laborales, equipo adecuado y en buen estado, veh\u00edculos funcionales, y capacitaci\u00f3n constante, son tareas que no terminar\u00e1n, que seguiremos impulsando y atendiendo\u201d.<\/i><\/p>\n<p class=\"x_MsoNormal\"><i>\u00a0<\/i><\/p>\n<p class=\"x_MsoNormal\">Durante el acto protocolario, el presidente municipal Sergio Ch\u00e1vez, entreg\u00f3 cheques equivalentes a una quincena de salario y reconocimientos por su destacada labor y esp\u00edritu altruista, a los m\u00e1s de 70 elementos que forman parte de dicha Direcci\u00f3n.<\/p>\n<p class=\"x_MsoNormal\">\n<p class=\"x_MsoNormal\">El nuevo edificio que inaugur\u00f3 consta de dos nuevas oficinas administrativas, un aula de usos m\u00faltiples, un taller y una cabina de radiocomunicaciones que est\u00e1 por concluir; tambi\u00e9n entreg\u00f3 25 cascos contraincendios y 30 maletines de atenci\u00f3n prehospitalaria, \u00a0todo con una inversi\u00f3n de poco m\u00e1s de un mill\u00f3n de pesos.<\/p>\n","protected":false},"excerpt":{"rendered":"<p>\u00a0 Tonal\u00e1, Jalisco. 22 de agosto de 2017. SE SEGUIR\u00c1N IMPULSANDO MEJORES CONDICIONES PARA LOS BOMBEROS \u00a0 M\u00e1s de Un<\/p>\n","protected":false},"author":1,"featured_media":12278,"comment_status":"closed","ping_status":"open","sticky":false,"template":"","format":"standard","meta":{"colormag_page_container_layout":"default_layout","colormag_page_sidebar_layout":"default_layout","footnotes":""},"categories":[2],"tags":[],"class_list":["post-12277","post","type-post","status-publish","format-standard","has-post-thumbnail","hentry","category-comunicacion-social"],"_links":{"self":[{"href":"https:\/\/tonala.gob.mx\/portal\/wp-json\/wp\/v2\/posts\/12277","targetHints":{"allow":["GET"]}}],"collection":[{"href":"https:\/\/tonala.gob.mx\/portal\/wp-json\/wp\/v2\/posts"}],"about":[{"href":"https:\/\/tonala.gob.mx\/portal\/wp-json\/wp\/v2\/types\/post"}],"author":[{"embeddable":true,"href":"https:\/\/tonala.gob.mx\/portal\/wp-json\/wp\/v2\/users\/1"}],"replies":[{"embeddable":true,"href":"https:\/\/tonala.gob.mx\/portal\/wp-json\/wp\/v2\/comments?post=12277"}],"version-history":[{"count":1,"href":"https:\/\/tonala.gob.mx\/portal\/wp-json\/wp\/v2\/posts\/12277\/revisions"}],"predecessor-version":[{"id":12279,"href":"https:\/\/tonala.gob.mx\/portal\/wp-json\/wp\/v2\/posts\/12277\/revisions\/12279"}],"wp:featuredmedia":[{"embeddable":true,"href":"https:\/\/tonala.gob.mx\/portal\/wp-json\/wp\/v2\/media\/12278"}],"wp:attachment":[{"href":"https:\/\/tonala.gob.mx\/portal\/wp-json\/wp\/v2\/media?parent=12277"}],"wp:term":[{"taxonomy":"category","embeddable":true,"href":"https:\/\/tonala.gob.mx\/portal\/wp-json\/wp\/v2\/categories?post=12277"},{"taxonomy":"post_tag","embeddable":true,"href":"https:\/\/tonala.gob.mx\/portal\/wp-json\/wp\/v2\/tags?post=12277"}],"curies":[{"name":"wp","href":"https:\/\/api.w.org\/{rel}","templated":true}]}}