{"id":11786,"date":"2017-07-17T17:28:05","date_gmt":"2017-07-17T23:28:05","guid":{"rendered":"http:\/\/tonala.gob.mx\/portal\/?p=11786"},"modified":"2017-07-18T09:41:35","modified_gmt":"2017-07-18T15:41:35","slug":"mas-de-250-millones-de-pesos-en-el-centro-historico","status":"publish","type":"post","link":"https:\/\/tonala.gob.mx\/portal\/2017\/07\/17\/mas-de-250-millones-de-pesos-en-el-centro-historico\/","title":{"rendered":"M\u00e1s de 250 millones de pesos en el centro hist\u00f3rico"},"content":{"rendered":"<p class=\"x_MsoNormal\" align=\"right\">Tonal\u00e1, Jalisco. 17 de julio de 2017.<\/p>\n<p class=\"x_MsoNormal\" align=\"right\">\n<p class=\"x_MsoNormal\" align=\"center\"><b>M\u00c1S DE 250 MILLONES DE PESOS INVERTIDOS EN EL CENTRO HIST\u00d3RICO<\/b><\/p>\n<p class=\"x_MsoNormal\" align=\"center\"><img fetchpriority=\"high\" decoding=\"async\" class=\"alignnone size-full wp-image-11787\" src=\"https:\/\/tonala.gob.mx\/portal\/wp-content\/uploads\/2017\/07\/Bol_tot002.jpg\" alt=\"Bol_tot002\" width=\"800\" height=\"445\" srcset=\"https:\/\/tonala.gob.mx\/portal\/wp-content\/uploads\/2017\/07\/Bol_tot002.jpg 800w, https:\/\/tonala.gob.mx\/portal\/wp-content\/uploads\/2017\/07\/Bol_tot002-300x167.jpg 300w, https:\/\/tonala.gob.mx\/portal\/wp-content\/uploads\/2017\/07\/Bol_tot002-768x427.jpg 768w\" sizes=\"(max-width: 800px) 100vw, 800px\" \/><\/p>\n<p class=\"x_MsoNormal\" align=\"center\"><b>\u00a0<\/b><\/p>\n<ul type=\"disc\">\n<li class=\"x_MsoNormal\"><b>Develan T\u00f3tem con el nombre Tonal\u00e1<\/b><\/li>\n<\/ul>\n<p class=\"x_MsoNormal\">\n<p class=\"x_MsoNormal\">Desde que inici\u00f3 su mandato, el presidente municipal, Sergio Ch\u00e1vez D\u00e1valos, se propuso implementar nuevas estrategias para generar un cambio positivo en el centro hist\u00f3rico y con ello impulsar la promoci\u00f3n tur\u00edstica y artesanal en el municipio; acciones en las que se han invertido m\u00e1s de 250 millones de pesos en lo que va de la administraci\u00f3n en conjunto con\u00a0 el gobierno federal y estatal.<\/p>\n<p class=\"x_MsoNormal\">\n<p class=\"x_MsoNormal\">Lo anterior qued\u00f3 de manifiesto durante el evento de develaci\u00f3n del t\u00f3tem permanente (letras gigantes) con el nombre del municipio instalado en la Plaza Cihualpilli, en donde el primer edil, afirm\u00f3:\u00a0<i>\u201cAll\u00ed est\u00e1 consolidada la avenida Tonaltecas, el avance en tiempo y forma de la avenida Tonal\u00e1, que estar\u00e1 terminada en la primera etapa entre las calles de Madero y Clavel, el pr\u00f3ximo 12 de diciembre; a finales de esta semana estaremos dando el banderazo de inicio de remodelaci\u00f3n de las calles Matamoros, 16 de Septiembre, esa parte es lo que hemos venido invirti\u00e9ndole, sin descuidar los dem\u00e1s retos y compromisos que tenemos\u201d.<\/i><\/p>\n<p class=\"x_MsoNormal\">\n<p class=\"x_MsoNormal\">Ch\u00e1vez D\u00e1valos reconoci\u00f3 a los comerciantes, tianguistas y l\u00edderes as\u00ed como a los integrantes de la C\u00e1mara de Comercio Tonal\u00e1, por el respaldo que han otorgado a las pol\u00edticas p\u00fablicas implementadas para el reordenamiento del Centro Hist\u00f3rico.<\/p>\n<p class=\"x_MsoNormal\">\n<p class=\"x_MsoNormal\"><i>\u201cQue nos han apoyado en las decisiones para poder estar dentro del concierto metropolitano del turismo, y es por dem\u00e1s decirlo, por eso nos depositaron 10 millones de pesos el Fideicomiso de Turismo, porque le estamos dando esa credibilidad, esa seguridad, a los hoteleros de la Zona Metropolitana, que Tonal\u00e1 era opci\u00f3n de la cuarta noche para poder pasar en la Zona Metropolitana de Guadalajara\u201d.<\/i><\/p>\n<p class=\"x_MsoNormal\"><i>\u00a0<\/i><\/p>\n<p class=\"x_MsoNormal\">Dijo que el t\u00f3tem que se inaugur\u00f3 permitir\u00e1 a Tonal\u00e1 a entrar en el \u201cconcierto tur\u00edstico de todos los pueblos y todas las ciudades, y que seguramente estas letras le van a dar la vuelta a gran parte del mundo\u201d.<\/p>\n<p class=\"x_MsoNormal\">\n<p class=\"x_MsoNormal\">El presidente municipal, destac\u00f3 que parte del proyecto integral tur\u00edstico es la renovada avenida Tonaltecas y el proyecto para hacerla parte de un nuevo corredor cultural-comercial, el tianguis artesanal que ha dado proyecci\u00f3n a nivel internacional, el paseo Santos Degollado, que integra el espacio recientemente recuperado de la Casa de los Artesanos, el rescate de la calle La Paz, los museos Nacional de la Cer\u00e1mica y Regional Tonallan, as\u00ed como el Premio Nacional de la Cer\u00e1mica, entre otras aspectos.<\/p>\n<p class=\"x_MsoNormal\">\n<p class=\"x_MsoNormal\">En su momento Irineo Ortiz Islas, presidente de la C\u00e1mara de Comercio Tonal\u00e1, mencion\u00f3:\u00a0<i>\u201cPara la inauguraci\u00f3n de este parador fotogr\u00e1fico, la mayor\u00eda de nosotros hemos visto estas letras en diferentes partes, ciudades o municipios de Jalisco, letras que tienen un fin espec\u00edfico, el cual es atraer el turismo local,\u00a0 nacional e internacional de manera que al tomar las fotograf\u00edas, estas ser\u00e1n compartidas\u00a0 en las redes sociales de los turistas y ciudadanos de Tonal\u00e1, por lo que invitar\u00e1 a m\u00e1s personas a venir y conocer nuestra ciudad. Estas letras ya han fortalecido el turismo en diferentes ciudades de nuestra Rep\u00fablica, por lo que se espera tengan el mismo impacto en Tonal\u00e1\u201d.<\/i><\/p>\n","protected":false},"excerpt":{"rendered":"<p>Tonal\u00e1, Jalisco. 17 de julio de 2017. M\u00c1S DE 250 MILLONES DE PESOS INVERTIDOS EN EL CENTRO HIST\u00d3RICO \u00a0 Develan<\/p>\n","protected":false},"author":1,"featured_media":11789,"comment_status":"closed","ping_status":"open","sticky":false,"template":"","format":"standard","meta":{"colormag_page_container_layout":"default_layout","colormag_page_sidebar_layout":"default_layout","footnotes":""},"categories":[2],"tags":[],"class_list":["post-11786","post","type-post","status-publish","format-standard","has-post-thumbnail","hentry","category-comunicacion-social"],"_links":{"self":[{"href":"https:\/\/tonala.gob.mx\/portal\/wp-json\/wp\/v2\/posts\/11786","targetHints":{"allow":["GET"]}}],"collection":[{"href":"https:\/\/tonala.gob.mx\/portal\/wp-json\/wp\/v2\/posts"}],"about":[{"href":"https:\/\/tonala.gob.mx\/portal\/wp-json\/wp\/v2\/types\/post"}],"author":[{"embeddable":true,"href":"https:\/\/tonala.gob.mx\/portal\/wp-json\/wp\/v2\/users\/1"}],"replies":[{"embeddable":true,"href":"https:\/\/tonala.gob.mx\/portal\/wp-json\/wp\/v2\/comments?post=11786"}],"version-history":[{"count":1,"href":"https:\/\/tonala.gob.mx\/portal\/wp-json\/wp\/v2\/posts\/11786\/revisions"}],"predecessor-version":[{"id":11790,"href":"https:\/\/tonala.gob.mx\/portal\/wp-json\/wp\/v2\/posts\/11786\/revisions\/11790"}],"wp:featuredmedia":[{"embeddable":true,"href":"https:\/\/tonala.gob.mx\/portal\/wp-json\/wp\/v2\/media\/11789"}],"wp:attachment":[{"href":"https:\/\/tonala.gob.mx\/portal\/wp-json\/wp\/v2\/media?parent=11786"}],"wp:term":[{"taxonomy":"category","embeddable":true,"href":"https:\/\/tonala.gob.mx\/portal\/wp-json\/wp\/v2\/categories?post=11786"},{"taxonomy":"post_tag","embeddable":true,"href":"https:\/\/tonala.gob.mx\/portal\/wp-json\/wp\/v2\/tags?post=11786"}],"curies":[{"name":"wp","href":"https:\/\/api.w.org\/{rel}","templated":true}]}}