{"id":11436,"date":"2017-06-21T15:05:57","date_gmt":"2017-06-21T21:05:57","guid":{"rendered":"http:\/\/tonala.gob.mx\/portal\/?p=11436"},"modified":"2017-06-22T10:11:53","modified_gmt":"2017-06-22T16:11:53","slug":"este-ano-es-el-de-los-servicios-publicos-sch","status":"publish","type":"post","link":"https:\/\/tonala.gob.mx\/portal\/2017\/06\/21\/este-ano-es-el-de-los-servicios-publicos-sch\/","title":{"rendered":"Este a\u00f1o es el de los servicios p\u00fablicos: SCH"},"content":{"rendered":"<div class=\"x_gmail_default\">\n<p class=\"x_MsoNormal\" align=\"right\">Tonal\u00e1, Jalisco. 21 de junio de 2017.<\/p>\n<p class=\"x_MsoNormal\" align=\"center\">\n<p class=\"x_MsoNormal\" align=\"center\"><b>ESTE A\u00d1O ES EL DE LOS SERVICIOS P\u00daBLICOS: SCH<\/b><\/p>\n<p class=\"x_MsoNormal\" align=\"center\"><img fetchpriority=\"high\" decoding=\"async\" class=\"alignnone size-full wp-image-11437\" src=\"https:\/\/tonala.gob.mx\/portal\/wp-content\/uploads\/2017\/06\/Serv_002.jpg\" alt=\"Serv_002\" width=\"800\" height=\"445\" srcset=\"https:\/\/tonala.gob.mx\/portal\/wp-content\/uploads\/2017\/06\/Serv_002.jpg 800w, https:\/\/tonala.gob.mx\/portal\/wp-content\/uploads\/2017\/06\/Serv_002-300x167.jpg 300w, https:\/\/tonala.gob.mx\/portal\/wp-content\/uploads\/2017\/06\/Serv_002-768x427.jpg 768w\" sizes=\"(max-width: 800px) 100vw, 800px\" \/><\/p>\n<p class=\"x_MsoNormal\" align=\"center\"><b>\u00a0<\/b><\/p>\n<ul type=\"disc\">\n<li class=\"x_MsoNormal\">Ya suman 21 millones de pesos en veh\u00edculos y equipamiento para la Direcci\u00f3n General de Servicios P\u00fablicos Municipales<\/li>\n<\/ul>\n<p class=\"x_MsoNormal\" align=\"center\"><b>\u00a0<\/b><\/p>\n<p class=\"x_MsoNormal\">Este d\u00eda, el presidente municipal, Sergio Ch\u00e1vez D\u00e1valos, hizo entrega de veh\u00edculos y maquinaria a la Direcci\u00f3n General de Servicios P\u00fablicos Municipales, con una inversi\u00f3n de 06 millones 800 mil pesos; con esta entrega ya son 21 mill\u00f3n de pesos\u00a0 invertidos directamente a una de las \u00e1reas que estaban m\u00e1s desprotegidas y que se encarga de brindar los servicios elementales a la ciudadan\u00eda.<\/p>\n<p class=\"x_MsoNormal\">\n<p class=\"x_MsoNormal\">En este sentido, el primer edil destac\u00f3: \u201c<i>Lo he repetido en varias ocasiones, en Tonal\u00e1 es el A\u00f1o de los Servicios P\u00fablicos y lo estamos demostrando; estoy consciente de nuestra responsabilidad, de lo que nos establece la Constituci\u00f3n como tarea principal; ahora me da gusto poder cumplir con los equipos de Servicios Generales, Alumbrado P\u00fablico, Calles y Calzadas, Parques y Jardines y Aseo P\u00fablico\u201d.<\/i><\/p>\n<p class=\"x_MsoNormal\"><i>\u00a0<\/i><\/p>\n<p class=\"x_MsoNormal\">Asegur\u00f3 que en el gobierno municipal hay un gran equipo de servidores p\u00fablicos que trabajan para todos, sin embargo, muchas veces faltan las herramientas para que desarrollen sus funciones.<\/p>\n<p class=\"x_MsoNormal\">\n<p class=\"x_MsoNormal\"><i>\u201cMe dicen: Sergio, necesitamos camionetas, camiones, para poder atender a la gente. Con estos veh\u00edculos que les estamos entregando, estoy seguro que el trabajo se ver\u00e1 reflejado en las colonias de Tonal\u00e1. Ahora, tambi\u00e9n les digo a quienes ser\u00e1n responsables del uso de estos veh\u00edculos. Voy a estar atento de que los cuiden, no voy a permitir que se les d\u00e9 mal uso y no les den el cuidado correspondiente\u201d.<\/i><\/p>\n<p class=\"x_MsoNormal\"><i>\u00a0<\/i><\/p>\n<p class=\"x_MsoNormal\">El mandatario municipal resalt\u00f3 que por primera vez el Ayuntamiento de Tonal\u00e1, tendr\u00e1 una \u201cpetrolizadora\u201d que servir\u00e1 para que el personal de Calles y Calzadas realice con mayor calidad el trabajo de bacheo y a la vez con m\u00e1s seguridad para los mismos trabajadores al momento de maniobrar con los materiales que utilizan para tal fin.<\/p>\n<p class=\"x_MsoNormal\">\n<p class=\"x_MsoNormal\"><i>\u201cQuiero mencionar especialmente el tema de los camiones recolectores de basura y el que conocemos como \u201cpel\u00edcano\u201d. Son veh\u00edculos que nos permitir\u00e1n atender el grand\u00edsimo reto de recolectar eficientemente la basura de tianguis, negocios y mercados. Por lo que respecta al pel\u00edcano, ahora podremos trabajar con mayor seguridad y eficiencia en la reparaci\u00f3n de l\u00e1mparas en las calles de Tonal\u00e1. Estoy seguro m\u00e1s colonias estar\u00e1n iluminadas en poco tiempo\u201d, <\/i>apunt\u00f3 Sergio Ch\u00e1vez<i>.<\/i><\/p>\n<p class=\"x_MsoNormal\"><i>\u00a0<\/i><\/p>\n<p class=\"x_MsoNormal\">Los veh\u00edculos y maquinaria que se entregaron son: una camioneta Nissan Estacas y otra Nissan para Servicios Generales, un cami\u00f3n plataforma \u201cPel\u00edcano\u201d para Alumbrado P\u00fablico, tres camionetas Dogde Ram 4000, dos para la Jefatura de Calles y Calzadas y una para la Jefatura de Parques y Jardines, adem\u00e1s de un molino para triturar ramas y plantas, y dos camiones recolectores de basura para la Jefatura de Aseo P\u00fablico.<\/p>\n<p class=\"x_MsoNormal\">\n<p class=\"x_MsoNormal\">Durante el evento, tambi\u00e9n fueron reconocidos 25 trabajadores por su trabajo desempe\u00f1ado en \u00e1reas como Servicios Generales, Rastro Municipal, Taller Municipal, Aseo P\u00fablico, Parques y Jardines, Mejoramiento Urbano, Calles y Calzadas, R\u00f3tulo y Pintura, que en algunos de los casos tienen m\u00e1s de 30 a\u00f1os en el servicio p\u00fablico.<\/p>\n<\/div>\n","protected":false},"excerpt":{"rendered":"<p>Tonal\u00e1, Jalisco. 21 de junio de 2017. ESTE A\u00d1O ES EL DE LOS SERVICIOS P\u00daBLICOS: SCH \u00a0 Ya suman 21<\/p>\n","protected":false},"author":1,"featured_media":11438,"comment_status":"closed","ping_status":"open","sticky":false,"template":"","format":"standard","meta":{"colormag_page_container_layout":"default_layout","colormag_page_sidebar_layout":"default_layout","footnotes":""},"categories":[2],"tags":[],"class_list":["post-11436","post","type-post","status-publish","format-standard","has-post-thumbnail","hentry","category-comunicacion-social"],"_links":{"self":[{"href":"https:\/\/tonala.gob.mx\/portal\/wp-json\/wp\/v2\/posts\/11436","targetHints":{"allow":["GET"]}}],"collection":[{"href":"https:\/\/tonala.gob.mx\/portal\/wp-json\/wp\/v2\/posts"}],"about":[{"href":"https:\/\/tonala.gob.mx\/portal\/wp-json\/wp\/v2\/types\/post"}],"author":[{"embeddable":true,"href":"https:\/\/tonala.gob.mx\/portal\/wp-json\/wp\/v2\/users\/1"}],"replies":[{"embeddable":true,"href":"https:\/\/tonala.gob.mx\/portal\/wp-json\/wp\/v2\/comments?post=11436"}],"version-history":[{"count":1,"href":"https:\/\/tonala.gob.mx\/portal\/wp-json\/wp\/v2\/posts\/11436\/revisions"}],"predecessor-version":[{"id":11439,"href":"https:\/\/tonala.gob.mx\/portal\/wp-json\/wp\/v2\/posts\/11436\/revisions\/11439"}],"wp:featuredmedia":[{"embeddable":true,"href":"https:\/\/tonala.gob.mx\/portal\/wp-json\/wp\/v2\/media\/11438"}],"wp:attachment":[{"href":"https:\/\/tonala.gob.mx\/portal\/wp-json\/wp\/v2\/media?parent=11436"}],"wp:term":[{"taxonomy":"category","embeddable":true,"href":"https:\/\/tonala.gob.mx\/portal\/wp-json\/wp\/v2\/categories?post=11436"},{"taxonomy":"post_tag","embeddable":true,"href":"https:\/\/tonala.gob.mx\/portal\/wp-json\/wp\/v2\/tags?post=11436"}],"curies":[{"name":"wp","href":"https:\/\/api.w.org\/{rel}","templated":true}]}}