{"id":11433,"date":"2017-06-20T20:46:54","date_gmt":"2017-06-21T02:46:54","guid":{"rendered":"http:\/\/tonala.gob.mx\/portal\/?p=11433"},"modified":"2017-06-22T10:05:52","modified_gmt":"2017-06-22T16:05:52","slug":"arranca-rehabilitacion-de-calles-en-alamedas-de-zalatitan","status":"publish","type":"post","link":"https:\/\/tonala.gob.mx\/portal\/2017\/06\/20\/arranca-rehabilitacion-de-calles-en-alamedas-de-zalatitan\/","title":{"rendered":"Arranca Rehabilitaci\u00f3n de calles en Alamedas de Zalatit\u00e1n"},"content":{"rendered":"<div class=\"x_gmail_default\">\n<p class=\"x_MsoNormal\" align=\"right\">Tonal\u00e1, Jalisco. 20 de junio de 2017.<\/p>\n<p class=\"x_MsoNormal\" align=\"center\">\n<p class=\"x_MsoNormal\" align=\"center\"><b>ARRANCA REHABILITACI\u00d3N DE CALLES EN ALAMEDAS DE ZALATIT\u00c1N<\/b><\/p>\n<p class=\"x_MsoNormal\"><b><img fetchpriority=\"high\" decoding=\"async\" class=\"alignnone size-full wp-image-11434\" src=\"https:\/\/tonala.gob.mx\/portal\/wp-content\/uploads\/2017\/06\/Zalatitian_001.jpg\" alt=\"Zalatitian_001\" width=\"800\" height=\"445\" srcset=\"https:\/\/tonala.gob.mx\/portal\/wp-content\/uploads\/2017\/06\/Zalatitian_001.jpg 800w, https:\/\/tonala.gob.mx\/portal\/wp-content\/uploads\/2017\/06\/Zalatitian_001-300x167.jpg 300w, https:\/\/tonala.gob.mx\/portal\/wp-content\/uploads\/2017\/06\/Zalatitian_001-768x427.jpg 768w\" sizes=\"(max-width: 800px) 100vw, 800px\" \/>\u00a0<\/b><\/p>\n<p class=\"x_MsoNormal\">\n<p class=\"x_MsoNormal\">El presidente municipal, Sergio Ch\u00e1vez D\u00e1valos, asisti\u00f3 esta tarde\u00a0 a la colonia Alamedas de Zalatit\u00e1n, para dar el banderazo de arranque de las obras \u00a0de la sustituci\u00f3n de l\u00edneas de agua potable y drenaje sanitario, as\u00ed como pavimentaci\u00f3n con empedrado zampeado, donde se realizar\u00e1 una inversi\u00f3n inicial de 07 millones de pesos.<\/p>\n<p class=\"x_MsoNormal\">En el marco de la pol\u00edtica \u201cGobierno Cerca de ti\u201d, el primer edil platic\u00f3 y convivi\u00f3 con vecinos de dicha colonia, ante quienes se comprometi\u00f3 a darle soluci\u00f3n dentro de\u00a0 las posibilidades a los diferentes planteamientos que le hicieron \u00a0como nivelaci\u00f3n de calles, mejorar el servicio de \u00a0recolecci\u00f3n de la basura y del alumbrado p\u00fablico, aumentar la vigilancia\u00a0 y la construcci\u00f3n de un tejaban para que opere el comedor comunitario.<\/p>\n<p class=\"x_MsoNormal\">Al respecto, Ch\u00e1vez D\u00e1valos, destac\u00f3: <i>\u201cEn todos los \u00e1mbitos estamos trabajando y para muestra, les comparto que a m\u00e1s tardar en 2 meses, renovaremos la red de agua y drenaje, para poder instalar empedrado zampeado\u00a0 de estas calles. <\/i>Les pido su apoyo y participaci\u00f3n, vigilen, supervisen y exijan obras de calidad, y bien hechas\u201d.<\/p>\n<p class=\"x_MsoNormal\">El mandatario municipal, agreg\u00f3 se est\u00e1 haciendo un ejercicio de acercamiento y contacto directo con los vecinos de esta zona, en la \u00a0\u00a0\u00a0 que los reclamos se repiten como en casi todo el municipio, los cuales son seguridad p\u00fablica, mejora de los pisos, alumbrado p\u00fablico y regularizaci\u00f3n de la tenencia de la tierra.<\/p>\n<p class=\"x_MsoNormal\">\u201cCon el uso de maquinaria propia, vamos a nivelar las calles, para darle salida al agua y que se pueda transitar; mejorar en el servicio de\u00a0 recolecci\u00f3n de la basura y del alumbrado p\u00fablico; vamos a trabajar fuerte en la mejora de la seguridad p\u00fablica, la Comisar\u00eda, aqu\u00ed presente tiene todo el compromiso. Compartan con nosotros por las redes sociales los avances y las carencias de la colonia, para que todos trabajemos en resolver los problemas. Es as\u00ed como demostramos que este es un Gobierno cerca de ti\u201d.<\/p>\n<p class=\"x_MsoNormal\">La obra que inici\u00f3 contempla la sustituci\u00f3n de l\u00edneas de agua potable y drenaje sanitario en la Calle Amaranto entre Ave del Para\u00edso y Av. Madre Selva, Calle Amapola entre calle Amaranto y Av. Zalatit\u00e1n, en las que tambi\u00e9n se pavimentar\u00e1n con empedrado zampeado (piedra ahogada en concreto).<\/p>\n<p class=\"x_MsoNormal\">Cabe destacar que ya se est\u00e1 trabajando en otras calles de esta zona en la sustituci\u00f3n de l\u00edneas de agua potable y drenaje sanitario como lo son: Calle Av. Idalia\u00a0entre<b> <\/b>calle Geranio y calle Petunia, Calle Priv. Periodistas entre calle Periodistas y calle cerrada, Calle Or\u00e9gano\u00a0entre calle Cosmos y Av. Zalatit\u00e1n, Calle Priv. Igualdad\u00a0entre calle Igualdad y calle Cerrada, Calle Periodistas entre Av. Patria Oriente, calle Camino al molino y Calle Priv. Periodistas entre calle Periodistas y calle cerrada.<\/p>\n<\/div>\n","protected":false},"excerpt":{"rendered":"<p>Tonal\u00e1, Jalisco. 20 de junio de 2017. ARRANCA REHABILITACI\u00d3N DE CALLES EN ALAMEDAS DE ZALATIT\u00c1N \u00a0 El presidente municipal, Sergio<\/p>\n","protected":false},"author":1,"featured_media":11434,"comment_status":"closed","ping_status":"open","sticky":false,"template":"","format":"standard","meta":{"colormag_page_container_layout":"default_layout","colormag_page_sidebar_layout":"default_layout","footnotes":""},"categories":[2],"tags":[],"class_list":["post-11433","post","type-post","status-publish","format-standard","has-post-thumbnail","hentry","category-comunicacion-social"],"_links":{"self":[{"href":"https:\/\/tonala.gob.mx\/portal\/wp-json\/wp\/v2\/posts\/11433","targetHints":{"allow":["GET"]}}],"collection":[{"href":"https:\/\/tonala.gob.mx\/portal\/wp-json\/wp\/v2\/posts"}],"about":[{"href":"https:\/\/tonala.gob.mx\/portal\/wp-json\/wp\/v2\/types\/post"}],"author":[{"embeddable":true,"href":"https:\/\/tonala.gob.mx\/portal\/wp-json\/wp\/v2\/users\/1"}],"replies":[{"embeddable":true,"href":"https:\/\/tonala.gob.mx\/portal\/wp-json\/wp\/v2\/comments?post=11433"}],"version-history":[{"count":1,"href":"https:\/\/tonala.gob.mx\/portal\/wp-json\/wp\/v2\/posts\/11433\/revisions"}],"predecessor-version":[{"id":11435,"href":"https:\/\/tonala.gob.mx\/portal\/wp-json\/wp\/v2\/posts\/11433\/revisions\/11435"}],"wp:featuredmedia":[{"embeddable":true,"href":"https:\/\/tonala.gob.mx\/portal\/wp-json\/wp\/v2\/media\/11434"}],"wp:attachment":[{"href":"https:\/\/tonala.gob.mx\/portal\/wp-json\/wp\/v2\/media?parent=11433"}],"wp:term":[{"taxonomy":"category","embeddable":true,"href":"https:\/\/tonala.gob.mx\/portal\/wp-json\/wp\/v2\/categories?post=11433"},{"taxonomy":"post_tag","embeddable":true,"href":"https:\/\/tonala.gob.mx\/portal\/wp-json\/wp\/v2\/tags?post=11433"}],"curies":[{"name":"wp","href":"https:\/\/api.w.org\/{rel}","templated":true}]}}