{"id":11412,"date":"2017-06-19T15:18:28","date_gmt":"2017-06-19T21:18:28","guid":{"rendered":"http:\/\/tonala.gob.mx\/portal\/?p=11412"},"modified":"2017-06-20T13:21:46","modified_gmt":"2017-06-20T19:21:46","slug":"arranca-segunda-etapa-de-tonala-pueblo-museo","status":"publish","type":"post","link":"https:\/\/tonala.gob.mx\/portal\/2017\/06\/19\/arranca-segunda-etapa-de-tonala-pueblo-museo\/","title":{"rendered":"Arranca segunda etapa de Tonal\u00e1 pueblo museo"},"content":{"rendered":"<div class=\"x_gmail_default\">\n<p class=\"x_MsoNormal\" align=\"right\">Tonal\u00e1, Jalisco. 19 de junio de 2017.<\/p>\n<p class=\"x_MsoNormal\" align=\"right\">\n<p class=\"x_MsoNormal\" align=\"center\"><b>ARRANCA SEGUNDA ETAPA DE TONAL\u00c1 PUEBLO MUSEO<\/b><\/p>\n<p class=\"x_MsoNormal\" align=\"center\"><b><img fetchpriority=\"high\" decoding=\"async\" class=\"alignnone size-full wp-image-11413\" src=\"https:\/\/tonala.gob.mx\/portal\/wp-content\/uploads\/2017\/06\/Pueblomuseo_001.jpg\" alt=\"Pueblomuseo_001\" width=\"800\" height=\"445\" srcset=\"https:\/\/tonala.gob.mx\/portal\/wp-content\/uploads\/2017\/06\/Pueblomuseo_001.jpg 800w, https:\/\/tonala.gob.mx\/portal\/wp-content\/uploads\/2017\/06\/Pueblomuseo_001-300x167.jpg 300w, https:\/\/tonala.gob.mx\/portal\/wp-content\/uploads\/2017\/06\/Pueblomuseo_001-768x427.jpg 768w\" sizes=\"(max-width: 800px) 100vw, 800px\" \/>\u00a0<\/b><\/p>\n<p class=\"x_MsoNormal\" align=\"center\">\n<p class=\"x_MsoNormal\">Gracias al trabajo en conjunto de los tres niveles de Gobierno, el municipio de Tonal\u00e1\u00a0 contin\u00faa con el proyecto \u201cTonal\u00e1 Pueblo Museo\u201d, obra que dio arranque esta ma\u00f1ana con la construcci\u00f3n de la segunda etapa que ser\u00e1 una sala con\u00a0 tem\u00e1tica de la cultura de la muerte, acci\u00f3n que\u00a0 tendr\u00e1 una inversi\u00f3n de 9 millones 572 mil pesos.<\/p>\n<p class=\"x_MsoNormal\">\n<p class=\"x_MsoNormal\">Esta segunda etapa, constar\u00e1 de un corredor peatonal artesanal de la calle La Paz entorno al pante\u00f3n municipal; tendr\u00e1 mejor infraestructura con <i>\u00a0<\/i>drenaje sanitario, agua potable y\u00a0 obra civil, as\u00ed como equipamiento tur\u00edstico y concreto hidr\u00e1ulico con estampado alusivo al tema.<\/p>\n<p class=\"x_MsoNormal\">\n<p class=\"x_MsoNormal\">Es importante mencionar que el gobierno municipal est\u00e1 invirtiendo 2 millones de pesos, 4 millones el gobierno del estado y el resto la Secretar\u00eda de Turismo Federal.<\/p>\n<p class=\"x_MsoNormal\">\n<p class=\"x_MsoNormal\">Al respecto el presidente municipal Sergio Ch\u00e1vez D\u00e1valos, destac\u00f3: \u201c<i>El alcance que tiene esta obra es mayor, hoy estamos arrancando esta obra que estaremos terminando aproximadamente el d\u00eda del los muertos para poder inaugurarla con tambor batiente, este espacio ser\u00e1 respetado para los peatones y lo vamos a fortalecer con esculturas y ser\u00e1 una zona recreativa para los que viven en esta parte de Tonal\u00e1<\/i>\u201d.<\/p>\n<p class=\"x_MsoNormal\">\n<p class=\"x_MsoNormal\">Cabe destacar que adem\u00e1s de dicha obra, el primer edil, anunci\u00f3 que en los siguientes 15 d\u00edas con recurso municipal, iniciar\u00e1n con la rehabilitaci\u00f3n\u00a0 de la calle Matamoros con nueva red de agua potable y drenaje y pavimentaci\u00f3n con empedrado zampeado. Esta obra\u00a0 conectar\u00e1 con la primera etapa de la sala que se reconstruy\u00f3 en el corredor peatonal artesanal en la calle Santo Degollado.<\/p>\n<p class=\"x_MsoNormal\">\n<p class=\"x_MsoNormal\">Por su parte, el titular de la Secretar\u00eda de Infraestructura y Obra P\u00fablica del gobierno del Estado, Netzahualc\u00f3yotl Ornelas Plascencia, inform\u00f3: \u201c<i>Esta es una obra que seguramente en un lapso de tres meses tendr\u00e1 que estar terminada, consiste cambiar la infraestructura con drenaje sanitario, agua potable y\u00a0 obra civil, haremos la canalizaciones el\u00e9ctricas, acabados de concreto estampado con mobiliario urbano, as\u00ed como el mejoramiento de fachadas\u201d.<\/i><\/p>\n<p class=\"x_MsoNormal\">\n<p class=\"x_MsoNormal\"><i>\u201cFelicidades presidente por t\u00fa gesti\u00f3n, est\u00e1s haciendo muy buen trabajo en Tonal\u00e1 y esto se nota todos los d\u00edas\u201d.<\/i><\/p>\n<p class=\"x_MsoNormal\"><i>\u00a0<\/i><\/p>\n<p class=\"x_MsoNormal\">El proyecto Pueblo Museo contempla 4 etapas, de las cuales, se espera que\u00a0 la sala n\u00famero tres que corresponder\u00e1 a Santo Santiago, se inicien los trabajos este mismo a\u00f1o y la cuarta a principios del a\u00f1o que entra, que ser\u00eda en la avenida Cihualpilli.<i>\u00a0<\/i><\/p>\n<\/div>\n","protected":false},"excerpt":{"rendered":"<p>Tonal\u00e1, Jalisco. 19 de junio de 2017. ARRANCA SEGUNDA ETAPA DE TONAL\u00c1 PUEBLO MUSEO \u00a0 Gracias al trabajo en conjunto<\/p>\n","protected":false},"author":1,"featured_media":11413,"comment_status":"closed","ping_status":"open","sticky":false,"template":"","format":"standard","meta":{"colormag_page_container_layout":"default_layout","colormag_page_sidebar_layout":"default_layout","footnotes":""},"categories":[2],"tags":[],"class_list":["post-11412","post","type-post","status-publish","format-standard","has-post-thumbnail","hentry","category-comunicacion-social"],"_links":{"self":[{"href":"https:\/\/tonala.gob.mx\/portal\/wp-json\/wp\/v2\/posts\/11412","targetHints":{"allow":["GET"]}}],"collection":[{"href":"https:\/\/tonala.gob.mx\/portal\/wp-json\/wp\/v2\/posts"}],"about":[{"href":"https:\/\/tonala.gob.mx\/portal\/wp-json\/wp\/v2\/types\/post"}],"author":[{"embeddable":true,"href":"https:\/\/tonala.gob.mx\/portal\/wp-json\/wp\/v2\/users\/1"}],"replies":[{"embeddable":true,"href":"https:\/\/tonala.gob.mx\/portal\/wp-json\/wp\/v2\/comments?post=11412"}],"version-history":[{"count":1,"href":"https:\/\/tonala.gob.mx\/portal\/wp-json\/wp\/v2\/posts\/11412\/revisions"}],"predecessor-version":[{"id":11414,"href":"https:\/\/tonala.gob.mx\/portal\/wp-json\/wp\/v2\/posts\/11412\/revisions\/11414"}],"wp:featuredmedia":[{"embeddable":true,"href":"https:\/\/tonala.gob.mx\/portal\/wp-json\/wp\/v2\/media\/11413"}],"wp:attachment":[{"href":"https:\/\/tonala.gob.mx\/portal\/wp-json\/wp\/v2\/media?parent=11412"}],"wp:term":[{"taxonomy":"category","embeddable":true,"href":"https:\/\/tonala.gob.mx\/portal\/wp-json\/wp\/v2\/categories?post=11412"},{"taxonomy":"post_tag","embeddable":true,"href":"https:\/\/tonala.gob.mx\/portal\/wp-json\/wp\/v2\/tags?post=11412"}],"curies":[{"name":"wp","href":"https:\/\/api.w.org\/{rel}","templated":true}]}}