{"id":11289,"date":"2017-06-15T21:21:36","date_gmt":"2017-06-16T03:21:36","guid":{"rendered":"http:\/\/tonala.gob.mx\/portal\/?p=11289"},"modified":"2017-06-16T12:27:16","modified_gmt":"2017-06-16T18:27:16","slug":"gestionara-mas-recursos-y-mayor-promocion-para-tonala-sectur","status":"publish","type":"post","link":"https:\/\/tonala.gob.mx\/portal\/2017\/06\/15\/gestionara-mas-recursos-y-mayor-promocion-para-tonala-sectur\/","title":{"rendered":"Gestionar\u00e1 m\u00e1s recursos y mayor promoci\u00f3n para Tonal\u00e1: SECTUR"},"content":{"rendered":"<div class=\"x_gmail_default\">\n<p class=\"x_MsoNormal\" align=\"right\">Tonal\u00e1, Jalisco. 15 de junio de 2017.<\/p>\n<p class=\"x_MsoNormal\" align=\"right\">\n<p class=\"x_MsoNormal\" align=\"center\"><b>GESTIONAR\u00c1 M\u00c1S RECURSOS Y MAYOR PROMOCI\u00d3N PARA TONAL\u00c1: SECTUR<\/b><\/p>\n<p class=\"x_MsoNormal\"><img fetchpriority=\"high\" decoding=\"async\" class=\"alignnone size-full wp-image-11290\" src=\"https:\/\/tonala.gob.mx\/portal\/wp-content\/uploads\/2017\/06\/IMG_1582.jpg\" alt=\"IMG_1582\" width=\"800\" height=\"445\" srcset=\"https:\/\/tonala.gob.mx\/portal\/wp-content\/uploads\/2017\/06\/IMG_1582.jpg 800w, https:\/\/tonala.gob.mx\/portal\/wp-content\/uploads\/2017\/06\/IMG_1582-300x167.jpg 300w, https:\/\/tonala.gob.mx\/portal\/wp-content\/uploads\/2017\/06\/IMG_1582-768x427.jpg 768w\" sizes=\"(max-width: 800px) 100vw, 800px\" \/><\/p>\n<p class=\"x_MsoNormal\">\n<p class=\"x_MsoNormal\">En su visita a Tonal\u00e1, Enrique de la Madrid Cordero, titular de la Secretar\u00eda de Turismo (SECTUR) del Gobierno de la Rep\u00fablica, hizo el compromiso de buscar la manera de gestionar m\u00e1s recursos para invertir en infraestructura as\u00ed como para incrementar la promoci\u00f3n tur\u00edstica a trav\u00e9s de diversas estrategias, que abonen a que la cuna alfarera tenga un mayor realce a nivel nacional e internacional.<\/p>\n<p class=\"x_MsoNormal\">\n<p class=\"x_MsoNormal\">Posterior a un recorrido que realiz\u00f3 con el presidente municipal, Sergio Ch\u00e1vez D\u00e1valos, por algunas de las calles del centro y que finaliz\u00f3 en el Recinto de la Artesan\u00eda, donde sostuvo una charla con artesanos, de la Madrid Cordero, recalc\u00f3 que etiquetar\u00e1n dos millones de pesos adicionales a Tonal\u00e1: \u201c<i>muchas veces hay programas que en otros lugares o en otros estados no se acaban de concretar, y aqu\u00ed vemos que los proyectos han sido muy buenos y vamos a ver c\u00f3mo pudi\u00e9ramos todav\u00eda sumarnos un poco m\u00e1s al esfuerzo\u201d.<\/i><\/p>\n<p class=\"x_MsoNormal\"><i>\u00a0<\/i><\/p>\n<p class=\"x_MsoNormal\"><i>\u201cY me llevo esa tarea tambi\u00e9n para que platiquemos con el Consejo de Promoci\u00f3n Tur\u00edstica de M\u00e9xico, y que tambi\u00e9n tenga la misma visibilidad de otras \u00e1reas que tambi\u00e9n tiene el \u00e1rea regional de Guadalajara y los municipios colindantes, para que tambi\u00e9n sea tan conocido y reconocido como son otros sitios no mejores, no m\u00e1s bellos que Tonal\u00e1\u201d.<\/i><\/p>\n<p class=\"x_MsoNormal\"><i>\u00a0<\/i><\/p>\n<p class=\"x_MsoNormal\">El secretario de Turismo, puntualiz\u00f3 \u201c<i>veo que aqu\u00ed hay unas piezas extraordinarias, seguramente algunas de ellas ya est\u00e1n fuera de nuestro pa\u00eds, que hace que se valore nuestro trabajo, que se valoren los artistas que son ustedes y sobre todo nuestra tarea de muchos, como seguir trayendo m\u00e1s turistas para que les compren y para que siga subiendo\u00a0 el nivel de vida de la gente y de sus familias, ese es el prop\u00f3sito nuestro, pero tambi\u00e9n conservar nuestras costumbres, conservar nuestros lugares, trabajar en equipo, hacer comunidad, cada vez es m\u00e1s claro que si trabajamos juntos, juntos nos va mejor\u201d.<\/i><\/p>\n<p class=\"x_MsoNormal\"><i>\u00a0<\/i><\/p>\n<p class=\"x_MsoNormal\">En su momento, el presidente municipal, Sergio Ch\u00e1vez D\u00e1valos, agradeci\u00f3 la visita del titular de la SECTUR, adem\u00e1s detall\u00f3 las obras de infraestructura que se han hecho en beneficio de los habitantes y tambi\u00e9n en pro del turismo del municipio, como es el caso de la reci\u00e9n rehabilitada avenida Tonaltecas y el inicio de la remodelaci\u00f3n integral de la avenida Tonal\u00e1.<\/p>\n<p class=\"x_MsoNormal\">\n<p class=\"x_MsoNormal\">Ch\u00e1vez D\u00e1valos, a\u00f1adi\u00f3: <i>\u201cTonal\u00e1 produce el 25 % de las artesan\u00edas del pa\u00eds, en esta parte nosotros queremos presentarle proyectos de rescate del centro hist\u00f3rico, ver la posibilidad financiera, ver que nos involucren en lo de toda la promoci\u00f3n que ustedes hacen en los aeropuertos; como en el caso de Guadalajara, Ch\u00e1pala, Puerto Vallarta; Tonal\u00e1 no tiene esa oportunidad, en la marca, creo que marca de Cuidad, ustedes manejan un programa, y que ojala nos dieran esa oportunidad\u201d.<\/i><\/p>\n<p class=\"x_MsoNormal\"><i>\u00a0<\/i><\/p>\n<p class=\"x_MsoNormal\"><i>\u201cEst\u00e1 resurgiendo Tonal\u00e1 y con el esfuerzo de todos, esto no es una pol\u00edtica nada mas del gobierno, tambi\u00e9n de los artesanos he recibido mucho el respaldo de ellos a la hora de tomar decisiones, en las remodelaciones del centro hist\u00f3rico, los hemos apoyado en lo que nosotros tenemos las condiciones econ\u00f3micas para ir a exposiciones fuera de la ciudad de Guadalajara incluso del extranjero, y esto es, nuevamente le reitero, ojala y nos sigan apoyando como hasta ahora, que nos involucren a lo de Visit M\u00e9xico\u201d, <\/i>concluy\u00f3 el presidente municipal.<\/p>\n<\/div>\n","protected":false},"excerpt":{"rendered":"<p>Tonal\u00e1, Jalisco. 15 de junio de 2017. GESTIONAR\u00c1 M\u00c1S RECURSOS Y MAYOR PROMOCI\u00d3N PARA TONAL\u00c1: SECTUR En su visita a<\/p>\n","protected":false},"author":1,"featured_media":11290,"comment_status":"closed","ping_status":"open","sticky":false,"template":"","format":"standard","meta":{"colormag_page_container_layout":"default_layout","colormag_page_sidebar_layout":"default_layout","footnotes":""},"categories":[2],"tags":[],"class_list":["post-11289","post","type-post","status-publish","format-standard","has-post-thumbnail","hentry","category-comunicacion-social"],"_links":{"self":[{"href":"https:\/\/tonala.gob.mx\/portal\/wp-json\/wp\/v2\/posts\/11289","targetHints":{"allow":["GET"]}}],"collection":[{"href":"https:\/\/tonala.gob.mx\/portal\/wp-json\/wp\/v2\/posts"}],"about":[{"href":"https:\/\/tonala.gob.mx\/portal\/wp-json\/wp\/v2\/types\/post"}],"author":[{"embeddable":true,"href":"https:\/\/tonala.gob.mx\/portal\/wp-json\/wp\/v2\/users\/1"}],"replies":[{"embeddable":true,"href":"https:\/\/tonala.gob.mx\/portal\/wp-json\/wp\/v2\/comments?post=11289"}],"version-history":[{"count":1,"href":"https:\/\/tonala.gob.mx\/portal\/wp-json\/wp\/v2\/posts\/11289\/revisions"}],"predecessor-version":[{"id":11291,"href":"https:\/\/tonala.gob.mx\/portal\/wp-json\/wp\/v2\/posts\/11289\/revisions\/11291"}],"wp:featuredmedia":[{"embeddable":true,"href":"https:\/\/tonala.gob.mx\/portal\/wp-json\/wp\/v2\/media\/11290"}],"wp:attachment":[{"href":"https:\/\/tonala.gob.mx\/portal\/wp-json\/wp\/v2\/media?parent=11289"}],"wp:term":[{"taxonomy":"category","embeddable":true,"href":"https:\/\/tonala.gob.mx\/portal\/wp-json\/wp\/v2\/categories?post=11289"},{"taxonomy":"post_tag","embeddable":true,"href":"https:\/\/tonala.gob.mx\/portal\/wp-json\/wp\/v2\/tags?post=11289"}],"curies":[{"name":"wp","href":"https:\/\/api.w.org\/{rel}","templated":true}]}}